{"id":11710,"date":"2008-08-27T15:08:56","date_gmt":"2008-08-27T15:08:56","guid":{"rendered":"http:\/\/magenarquitectos.wordpress.com\/?p=104"},"modified":"2021-06-17T10:30:45","modified_gmt":"2021-06-17T10:30:45","slug":"premio-ricardo-magdalena-xxviii-edicion-accesit","status":"publish","type":"post","link":"https:\/\/magenarquitectos.com\/en\/premio-ricardo-magdalena-xxviii-edicion-accesit\/","title":{"rendered":"Premio Ricardo Magdalena XXVIII edici\u00f3n. Acc\u00e9sit"},"content":{"rendered":"<p><img loading=\"lazy\" class=\"alignnone size-full wp-image-105\" src=\"http:\/\/magenarquitectos.files.wordpress.com\/2008\/08\/noticias_45_1_med1.jpg\" alt=\"\" width=\"250\" height=\"200\" title=\"\"><\/p>\n<p>02\/10\/2007).- El edificio de 68 Viviendas de Protecci\u00f3n Oficial en la calle Biescas 15-29 de Zaragoza ha obtenido el primer acc\u00e9sit en la XXVII\u00aa edici\u00f3n del Trofeo Ricardo Magdalena de Arquitectura, promovido por la Instituci\u00f3n Fernando el Cat\u00f3lico, de la Diputaci\u00f3n Provincial de Zaragoza.<\/p>\n<p>68 Social Housing in calle Biescas, Zaragoza, receives a First Mention in XXVII Prize of Province Goverment of\u00a0 Zaragoza &#8220;Ricardo Magdalena&#8221;.<\/p>\n","protected":false},"excerpt":{"rendered":"<p>02\/10\/2007).- El edificio de 68 Viviendas de Protecci\u00f3n Oficial en la calle Biescas 15-29 de Zaragoza ha obtenido el primer acc\u00e9sit en la XXVII\u00aa edici\u00f3n del Trofeo Ricardo Magdalena de Arquitectura, promovido por la Instituci\u00f3n Fernando el Cat\u00f3lico, de la Diputaci\u00f3n Provincial de Zaragoza. 68 Social Housing in calle Biescas, Zaragoza, receives a First Mention [&hellip;]<\/p>\n","protected":false},"author":1,"featured_media":0,"comment_status":"open","ping_status":"open","sticky":false,"template":"","format":"standard","meta":{"_monsterinsights_skip_tracking":false,"_monsterinsights_sitenote_active":false,"_monsterinsights_sitenote_note":"","_monsterinsights_sitenote_category":0},"categories":[113,95],"tags":[62,70,98,96,99,74],"_links":{"self":[{"href":"https:\/\/magenarquitectos.com\/en\/wp-json\/wp\/v2\/posts\/11710"}],"collection":[{"href":"https:\/\/magenarquitectos.com\/en\/wp-json\/wp\/v2\/posts"}],"about":[{"href":"https:\/\/magenarquitectos.com\/en\/wp-json\/wp\/v2\/types\/post"}],"author":[{"embeddable":true,"href":"https:\/\/magenarquitectos.com\/en\/wp-json\/wp\/v2\/users\/1"}],"replies":[{"embeddable":true,"href":"https:\/\/magenarquitectos.com\/en\/wp-json\/wp\/v2\/comments?post=11710"}],"version-history":[{"count":1,"href":"https:\/\/magenarquitectos.com\/en\/wp-json\/wp\/v2\/posts\/11710\/revisions"}],"predecessor-version":[{"id":14001,"href":"https:\/\/magenarquitectos.com\/en\/wp-json\/wp\/v2\/posts\/11710\/revisions\/14001"}],"wp:attachment":[{"href":"https:\/\/magenarquitectos.com\/en\/wp-json\/wp\/v2\/media?parent=11710"}],"wp:term":[{"taxonomy":"category","embeddable":true,"href":"https:\/\/magenarquitectos.com\/en\/wp-json\/wp\/v2\/categories?post=11710"},{"taxonomy":"post_tag","embeddable":true,"href":"https:\/\/magenarquitectos.com\/en\/wp-json\/wp\/v2\/tags?post=11710"}],"curies":[{"name":"wp","href":"https:\/\/api.w.org\/{rel}","templated":true}]}}