{"id":11711,"date":"2008-08-27T15:10:09","date_gmt":"2008-08-27T15:10:09","guid":{"rendered":"http:\/\/magenarquitectos.wordpress.com\/?p=107"},"modified":"2021-06-17T10:30:44","modified_gmt":"2021-06-17T10:30:44","slug":"visita-profesional-al-edificio-de-68-vpo-en-zaragoza","status":"publish","type":"post","link":"https:\/\/magenarquitectos.com\/en\/visita-profesional-al-edificio-de-68-vpo-en-zaragoza\/","title":{"rendered":"Visita profesional al Edificio de 68 VPO en Zaragoza"},"content":{"rendered":"<p><img loading=\"lazy\" class=\"alignnone size-full wp-image-108\" src=\"http:\/\/magenarquitectos.files.wordpress.com\/2008\/08\/noticias_47_1_med.jpg\" alt=\"\" width=\"250\" height=\"197\" title=\"\"><\/p>\n<p>(04\/11\/2007).- Arquitectos de la Delegaci\u00f3n de Zamora del Colegio Oficial de Arquitectos de Le\u00f3n visitaron el Edificio de 68 viviendas VPO en la calle Biescas de Zaragoza, dentro de un viaje profesional que inclu\u00eda la visita a las obras de la Expo 2008 y a diversos edificios en Arag\u00f3n y La Rioja.<\/p>\n<p>Architects from Zamora Seat of Leon Institute of Architects visited 68 Social Housing in Zaragoza in a professional trip to Zaragoza.<\/p>\n","protected":false},"excerpt":{"rendered":"<p>(04\/11\/2007).- Arquitectos de la Delegaci\u00f3n de Zamora del Colegio Oficial de Arquitectos de Le\u00f3n visitaron el Edificio de 68 viviendas VPO en la calle Biescas de Zaragoza, dentro de un viaje profesional que inclu\u00eda la visita a las obras de la Expo 2008 y a diversos edificios en Arag\u00f3n y La Rioja. Architects from Zamora [&hellip;]<\/p>\n","protected":false},"author":1,"featured_media":0,"comment_status":"open","ping_status":"open","sticky":false,"template":"","format":"standard","meta":{"_monsterinsights_skip_tracking":false,"_monsterinsights_sitenote_active":false,"_monsterinsights_sitenote_note":"","_monsterinsights_sitenote_category":0},"categories":[95],"tags":[98,96,99,74],"_links":{"self":[{"href":"https:\/\/magenarquitectos.com\/en\/wp-json\/wp\/v2\/posts\/11711"}],"collection":[{"href":"https:\/\/magenarquitectos.com\/en\/wp-json\/wp\/v2\/posts"}],"about":[{"href":"https:\/\/magenarquitectos.com\/en\/wp-json\/wp\/v2\/types\/post"}],"author":[{"embeddable":true,"href":"https:\/\/magenarquitectos.com\/en\/wp-json\/wp\/v2\/users\/1"}],"replies":[{"embeddable":true,"href":"https:\/\/magenarquitectos.com\/en\/wp-json\/wp\/v2\/comments?post=11711"}],"version-history":[{"count":1,"href":"https:\/\/magenarquitectos.com\/en\/wp-json\/wp\/v2\/posts\/11711\/revisions"}],"predecessor-version":[{"id":14000,"href":"https:\/\/magenarquitectos.com\/en\/wp-json\/wp\/v2\/posts\/11711\/revisions\/14000"}],"wp:attachment":[{"href":"https:\/\/magenarquitectos.com\/en\/wp-json\/wp\/v2\/media?parent=11711"}],"wp:term":[{"taxonomy":"category","embeddable":true,"href":"https:\/\/magenarquitectos.com\/en\/wp-json\/wp\/v2\/categories?post=11711"},{"taxonomy":"post_tag","embeddable":true,"href":"https:\/\/magenarquitectos.com\/en\/wp-json\/wp\/v2\/tags?post=11711"}],"curies":[{"name":"wp","href":"https:\/\/api.w.org\/{rel}","templated":true}]}}