{"id":11712,"date":"2008-08-27T15:11:03","date_gmt":"2008-08-27T15:11:03","guid":{"rendered":"http:\/\/magenarquitectos.wordpress.com\/?p=110"},"modified":"2021-06-17T10:30:44","modified_gmt":"2021-06-17T10:30:44","slug":"arquitectura-plus-edificios-de-vivienda-colectiva-de-promocion-publica","status":"publish","type":"post","link":"https:\/\/magenarquitectos.com\/en\/arquitectura-plus-edificios-de-vivienda-colectiva-de-promocion-publica\/","title":{"rendered":"Arquitectura Plus: Edificios de Vivienda Colectiva de Promoci\u00f3n P\u00fablica"},"content":{"rendered":"<p><img loading=\"lazy\" class=\"alignnone size-full wp-image-111\" src=\"http:\/\/magenarquitectos.files.wordpress.com\/2008\/08\/noticias_49_1_med.jpg\" alt=\"\" width=\"181\" height=\"250\" title=\"\"><\/p>\n<p>(14\/12\/2007).- El \u00faltimo n\u00famero de Arquitectura Plus recoge una recopilaci\u00f3n de 40 edificios de Vivienda Colectiva de Promoci\u00f3n Colectiva construidos en Espa\u00f1a en los \u00faltimos a\u00f1os, entre los que se incluye el Edificio de 68 VPO en la calle Biescas de Zaragoza.<\/p>\n<p>Architectural publication &#8220;Arquitectura Plus&#8221;\u00a0 features the 68 SOcial Housing in Zaragoza\u00a0 in its last issue dedicated to recent Collective Housing works in Spain.<\/p>\n","protected":false},"excerpt":{"rendered":"<p>(14\/12\/2007).- El \u00faltimo n\u00famero de Arquitectura Plus recoge una recopilaci\u00f3n de 40 edificios de Vivienda Colectiva de Promoci\u00f3n Colectiva construidos en Espa\u00f1a en los \u00faltimos a\u00f1os, entre los que se incluye el Edificio de 68 VPO en la calle Biescas de Zaragoza. Architectural publication &#8220;Arquitectura Plus&#8221;\u00a0 features the 68 SOcial Housing in Zaragoza\u00a0 in its [&hellip;]<\/p>\n","protected":false},"author":1,"featured_media":0,"comment_status":"open","ping_status":"open","sticky":false,"template":"","format":"standard","meta":{"_monsterinsights_skip_tracking":false,"_monsterinsights_sitenote_active":false,"_monsterinsights_sitenote_note":"","_monsterinsights_sitenote_category":0},"categories":[90,95],"tags":[87,89,98,96,99,74],"_links":{"self":[{"href":"https:\/\/magenarquitectos.com\/en\/wp-json\/wp\/v2\/posts\/11712"}],"collection":[{"href":"https:\/\/magenarquitectos.com\/en\/wp-json\/wp\/v2\/posts"}],"about":[{"href":"https:\/\/magenarquitectos.com\/en\/wp-json\/wp\/v2\/types\/post"}],"author":[{"embeddable":true,"href":"https:\/\/magenarquitectos.com\/en\/wp-json\/wp\/v2\/users\/1"}],"replies":[{"embeddable":true,"href":"https:\/\/magenarquitectos.com\/en\/wp-json\/wp\/v2\/comments?post=11712"}],"version-history":[{"count":1,"href":"https:\/\/magenarquitectos.com\/en\/wp-json\/wp\/v2\/posts\/11712\/revisions"}],"predecessor-version":[{"id":13999,"href":"https:\/\/magenarquitectos.com\/en\/wp-json\/wp\/v2\/posts\/11712\/revisions\/13999"}],"wp:attachment":[{"href":"https:\/\/magenarquitectos.com\/en\/wp-json\/wp\/v2\/media?parent=11712"}],"wp:term":[{"taxonomy":"category","embeddable":true,"href":"https:\/\/magenarquitectos.com\/en\/wp-json\/wp\/v2\/categories?post=11712"},{"taxonomy":"post_tag","embeddable":true,"href":"https:\/\/magenarquitectos.com\/en\/wp-json\/wp\/v2\/tags?post=11712"}],"curies":[{"name":"wp","href":"https:\/\/api.w.org\/{rel}","templated":true}]}}