{"id":11718,"date":"2008-08-27T15:26:13","date_gmt":"2008-08-27T15:26:13","guid":{"rendered":"http:\/\/magenarquitectos.wordpress.com\/?p=138"},"modified":"2021-06-17T10:30:41","modified_gmt":"2021-06-17T10:30:41","slug":"exposicion-un-siglo-de-arquitectura-en-zaragoza-1908-2008","status":"publish","type":"post","link":"https:\/\/magenarquitectos.com\/en\/exposicion-un-siglo-de-arquitectura-en-zaragoza-1908-2008\/","title":{"rendered":"Exposici\u00f3n &#8220;Un siglo de arquitectura en Zaragoza 1908-2008&#8221;"},"content":{"rendered":"<p><img loading=\"lazy\" class=\"alignnone size-full wp-image-156\" src=\"http:\/\/magenarquitectos.files.wordpress.com\/2008\/08\/noticias_59_1_med.jpg\" alt=\"\" width=\"112\" height=\"170\" title=\"\"><\/p>\n<p>(25\/07\/2008).-\u00a0Ha sido\u00a0inaugurada en la sede de la Demarcaci\u00f3n de Zaragoza del Colegio Oficial de Arquitectos de Arag\u00f3n (Calle San Voto, 7) la exposici\u00f3n &#8220;Un siglo de arquitectura en Zaragoza 1908-2008: historicismo, vanguardia, diversidad&#8221;, comisariada y dise\u00f1ada por Ricardo Marco y Carlos Buil.<\/p>\n<p>La exposici\u00f3n recoge los edificios m\u00e1s significativas de la arquitectura de Zaragoza en el per\u00edodo 1908-2008, ordenados cronol\u00f3gicamente en cinco apartados. Entre las obras del per\u00edodo 1985-2008 se encuentra el edificio de 68 viviendas VPO en la calle Biescas.<\/p>\n<p>Exhibition &#8220;A century of Architecture in Zaragoza 1908-2008: historicism, avant-garde and diversity&#8221;, curatored by Ricardo Marco and Carlos Buil, opened at Aragon Instutue of Architects Seat in Zaragoza.<\/p>\n<p>The exhibition includes 68 Social Housing in Zaragoza, by Mag\u00e9n Arquitectos, as significative building in the period 1985-2008.<\/p>\n","protected":false},"excerpt":{"rendered":"<p>(25\/07\/2008).-\u00a0Ha sido\u00a0inaugurada en la sede de la Demarcaci\u00f3n de Zaragoza del Colegio Oficial de Arquitectos de Arag\u00f3n (Calle San Voto, 7) la exposici\u00f3n &#8220;Un siglo de arquitectura en Zaragoza 1908-2008: historicismo, vanguardia, diversidad&#8221;, comisariada y dise\u00f1ada por Ricardo Marco y Carlos Buil. La exposici\u00f3n recoge los edificios m\u00e1s significativas de la arquitectura de Zaragoza en [&hellip;]<\/p>\n","protected":false},"author":1,"featured_media":0,"comment_status":"open","ping_status":"open","sticky":false,"template":"","format":"standard","meta":{"_monsterinsights_skip_tracking":false,"_monsterinsights_sitenote_active":false,"_monsterinsights_sitenote_note":"","_monsterinsights_sitenote_category":0},"categories":[69,95],"tags":[68,98,96,99,74],"_links":{"self":[{"href":"https:\/\/magenarquitectos.com\/en\/wp-json\/wp\/v2\/posts\/11718"}],"collection":[{"href":"https:\/\/magenarquitectos.com\/en\/wp-json\/wp\/v2\/posts"}],"about":[{"href":"https:\/\/magenarquitectos.com\/en\/wp-json\/wp\/v2\/types\/post"}],"author":[{"embeddable":true,"href":"https:\/\/magenarquitectos.com\/en\/wp-json\/wp\/v2\/users\/1"}],"replies":[{"embeddable":true,"href":"https:\/\/magenarquitectos.com\/en\/wp-json\/wp\/v2\/comments?post=11718"}],"version-history":[{"count":1,"href":"https:\/\/magenarquitectos.com\/en\/wp-json\/wp\/v2\/posts\/11718\/revisions"}],"predecessor-version":[{"id":13990,"href":"https:\/\/magenarquitectos.com\/en\/wp-json\/wp\/v2\/posts\/11718\/revisions\/13990"}],"wp:attachment":[{"href":"https:\/\/magenarquitectos.com\/en\/wp-json\/wp\/v2\/media?parent=11718"}],"wp:term":[{"taxonomy":"category","embeddable":true,"href":"https:\/\/magenarquitectos.com\/en\/wp-json\/wp\/v2\/categories?post=11718"},{"taxonomy":"post_tag","embeddable":true,"href":"https:\/\/magenarquitectos.com\/en\/wp-json\/wp\/v2\/tags?post=11718"}],"curies":[{"name":"wp","href":"https:\/\/api.w.org\/{rel}","templated":true}]}}