{"id":11719,"date":"2008-08-27T15:27:51","date_gmt":"2008-08-27T15:27:51","guid":{"rendered":"http:\/\/magenarquitectos.wordpress.com\/?p=141"},"modified":"2021-06-17T10:30:40","modified_gmt":"2021-06-17T10:30:40","slug":"catalogo-arquiaproxima","status":"publish","type":"post","link":"https:\/\/magenarquitectos.com\/en\/catalogo-arquiaproxima\/","title":{"rendered":"Cat\u00e1logo Arquia\/Pr\u00f3xima"},"content":{"rendered":"<p><img loading=\"lazy\" class=\"alignnone size-full wp-image-154\" src=\"http:\/\/magenarquitectos.files.wordpress.com\/2008\/08\/noticias_61_1_med.jpg\" alt=\"\" width=\"170\" height=\"151\" title=\"\"><\/p>\n<p>(29\/07\/2008).- El Edificio de 68 VPO en borde urbano en Zaragoza ha sido seleccionado para formar parte del cat\u00e1logo arquia\/pr\u00f3xima de las 128 mejores realizaciones de j\u00f3venes arquitectos espa\u00f1oles correspondiente al periodo 2006-2007. \u00c9sta publicaci\u00f3n se presentar\u00e1 durante la celebraci\u00f3n del \u201cForo arquia\/pr\u00f3xima arquitectura espa\u00f1ola\u201d que tendr\u00e1 lugar en Valencia los d\u00edas 29,30 y 31 de octubre de 2008<\/p>\n<p>68 Social Housing in Zaragoza, by Mag\u00e9n Arquitectos, selected to be in the catalogue Arquia\/Pr\u00f3xima with the 128 best works by Spanish Young Architects during 2006-2007.<\/p>\n","protected":false},"excerpt":{"rendered":"<p>(29\/07\/2008).- El Edificio de 68 VPO en borde urbano en Zaragoza ha sido seleccionado para formar parte del cat\u00e1logo arquia\/pr\u00f3xima de las 128 mejores realizaciones de j\u00f3venes arquitectos espa\u00f1oles correspondiente al periodo 2006-2007. \u00c9sta publicaci\u00f3n se presentar\u00e1 durante la celebraci\u00f3n del \u201cForo arquia\/pr\u00f3xima arquitectura espa\u00f1ola\u201d que tendr\u00e1 lugar en Valencia los d\u00edas 29,30 y 31 [&hellip;]<\/p>\n","protected":false},"author":1,"featured_media":0,"comment_status":"open","ping_status":"open","sticky":false,"template":"","format":"standard","meta":{"_monsterinsights_skip_tracking":false,"_monsterinsights_sitenote_active":false,"_monsterinsights_sitenote_note":"","_monsterinsights_sitenote_category":0},"categories":[69,113,95],"tags":[62,126,87,70,98,96,99,74],"_links":{"self":[{"href":"https:\/\/magenarquitectos.com\/en\/wp-json\/wp\/v2\/posts\/11719"}],"collection":[{"href":"https:\/\/magenarquitectos.com\/en\/wp-json\/wp\/v2\/posts"}],"about":[{"href":"https:\/\/magenarquitectos.com\/en\/wp-json\/wp\/v2\/types\/post"}],"author":[{"embeddable":true,"href":"https:\/\/magenarquitectos.com\/en\/wp-json\/wp\/v2\/users\/1"}],"replies":[{"embeddable":true,"href":"https:\/\/magenarquitectos.com\/en\/wp-json\/wp\/v2\/comments?post=11719"}],"version-history":[{"count":1,"href":"https:\/\/magenarquitectos.com\/en\/wp-json\/wp\/v2\/posts\/11719\/revisions"}],"predecessor-version":[{"id":13989,"href":"https:\/\/magenarquitectos.com\/en\/wp-json\/wp\/v2\/posts\/11719\/revisions\/13989"}],"wp:attachment":[{"href":"https:\/\/magenarquitectos.com\/en\/wp-json\/wp\/v2\/media?parent=11719"}],"wp:term":[{"taxonomy":"category","embeddable":true,"href":"https:\/\/magenarquitectos.com\/en\/wp-json\/wp\/v2\/categories?post=11719"},{"taxonomy":"post_tag","embeddable":true,"href":"https:\/\/magenarquitectos.com\/en\/wp-json\/wp\/v2\/tags?post=11719"}],"curies":[{"name":"wp","href":"https:\/\/api.w.org\/{rel}","templated":true}]}}