{"id":11721,"date":"2008-08-27T15:34:38","date_gmt":"2008-08-27T15:34:38","guid":{"rendered":"http:\/\/magenarquitectos.wordpress.com\/?p=148"},"modified":"2021-06-17T10:30:40","modified_gmt":"2021-06-17T10:30:40","slug":"programa-ecobuilding-edificio-para-la-unidad-de-montes","status":"publish","type":"post","link":"https:\/\/magenarquitectos.com\/en\/programa-ecobuilding-edificio-para-la-unidad-de-montes\/","title":{"rendered":"EcoBuilding: Feria y Conferencia de Arquitectura Bioclim\u00e1tica"},"content":{"rendered":"<p><img loading=\"lazy\" class=\"alignnone size-medium wp-image-149\" src=\"http:\/\/magenarquitectos.files.wordpress.com\/2008\/08\/0061.jpg?w=300\" alt=\"\" width=\"300\" height=\"224\" title=\"\"><\/p>\n<p>(06\/08\/2008).- Bajo el t\u00edtulo de EcoBuilding va a celebrarse en Zaragoza\u00a0la 1\u00aa feria y conferencia internacional de Arquitectura Bioclim\u00e1tica, Construcci\u00f3n Sostenible y Eficiencia Energ\u00e9tica en la Edificaci\u00f3n, patrocinada por\u00a0Infodomus y Feria de Zaragoza.<\/p>\n<p>El proyecto del Edificio de la Unidad de Montes ha sido seleccionado por el Comit\u00e9 de EcoBuilding para su inclusi\u00f3n en el programa de conferencias que bajo el ep\u00edgrafe de Arquitectura y Energ\u00eda, va a poner de relieve una serie de proyectos realizados en Arag\u00f3n y cuyo dise\u00f1o y concepci\u00f3n destacan por haber contemplado criterios de sostenibilidad, eficiencia y ahorro energ\u00e9tico.<\/p>\n<p>La exposici\u00f3n de los proyectos y la correspondiente jornada tendr\u00e1 lugar el d\u00eda 25 de septiembre de 2008 en el Pabell\u00f3n 1 de Feria de Zaragoza. Asimismo, paralelo a la jornada, durante los d\u00edas de celebraci\u00f3n de EcoBuilding se expondr\u00e1 en el stand del Colegio Oficial de Arquitectos de Arag\u00f3n sendos paneles de cada uno de los proyectos.<\/p>\n<p>Environmental Unit Headquarters selected to take part in forum &#8220;Architecture and Energy&#8221; during Ecobuilding, Fair on Bioclimatic Architecture to be held at 25th September in Zaragoza Trade Fair.<\/p>\n","protected":false},"excerpt":{"rendered":"<p>(06\/08\/2008).- Bajo el t\u00edtulo de EcoBuilding va a celebrarse en Zaragoza\u00a0la 1\u00aa feria y conferencia internacional de Arquitectura Bioclim\u00e1tica, Construcci\u00f3n Sostenible y Eficiencia Energ\u00e9tica en la Edificaci\u00f3n, patrocinada por\u00a0Infodomus y Feria de Zaragoza. El proyecto del Edificio de la Unidad de Montes ha sido seleccionado por el Comit\u00e9 de EcoBuilding para su inclusi\u00f3n en el [&hellip;]<\/p>\n","protected":false},"author":1,"featured_media":0,"comment_status":"open","ping_status":"open","sticky":false,"template":"","format":"standard","meta":{"_monsterinsights_skip_tracking":false,"_monsterinsights_sitenote_active":false,"_monsterinsights_sitenote_note":"","_monsterinsights_sitenote_category":0},"categories":[76,77,78,65,69,130,131],"tags":[129,79,80,68,81,82,83,74],"_links":{"self":[{"href":"https:\/\/magenarquitectos.com\/en\/wp-json\/wp\/v2\/posts\/11721"}],"collection":[{"href":"https:\/\/magenarquitectos.com\/en\/wp-json\/wp\/v2\/posts"}],"about":[{"href":"https:\/\/magenarquitectos.com\/en\/wp-json\/wp\/v2\/types\/post"}],"author":[{"embeddable":true,"href":"https:\/\/magenarquitectos.com\/en\/wp-json\/wp\/v2\/users\/1"}],"replies":[{"embeddable":true,"href":"https:\/\/magenarquitectos.com\/en\/wp-json\/wp\/v2\/comments?post=11721"}],"version-history":[{"count":1,"href":"https:\/\/magenarquitectos.com\/en\/wp-json\/wp\/v2\/posts\/11721\/revisions"}],"predecessor-version":[{"id":13987,"href":"https:\/\/magenarquitectos.com\/en\/wp-json\/wp\/v2\/posts\/11721\/revisions\/13987"}],"wp:attachment":[{"href":"https:\/\/magenarquitectos.com\/en\/wp-json\/wp\/v2\/media?parent=11721"}],"wp:term":[{"taxonomy":"category","embeddable":true,"href":"https:\/\/magenarquitectos.com\/en\/wp-json\/wp\/v2\/categories?post=11721"},{"taxonomy":"post_tag","embeddable":true,"href":"https:\/\/magenarquitectos.com\/en\/wp-json\/wp\/v2\/tags?post=11721"}],"curies":[{"name":"wp","href":"https:\/\/api.w.org\/{rel}","templated":true}]}}