{"id":11722,"date":"2008-09-29T18:06:17","date_gmt":"2008-09-29T18:06:17","guid":{"rendered":"http:\/\/magenarquitectos.wordpress.com\/?p=209"},"modified":"2021-06-17T10:30:40","modified_gmt":"2021-06-17T10:30:40","slug":"jornada-tecnica-arquitectura-y-energia-en-eco-building-2008","status":"publish","type":"post","link":"https:\/\/magenarquitectos.com\/en\/jornada-tecnica-arquitectura-y-energia-en-eco-building-2008\/","title":{"rendered":"Jornada T\u00e9cnica &#8220;Arquitectura y Energ\u00eda&#8221; en Eco-Building 2008."},"content":{"rendered":"\n<p>En el marco de EcoBuilding, Exposici\u00f3n y Conferencia sobre Construcci\u00f3n Sostenible y Eficiencia Energ\u00e9tica en la Edificaci\u00f3n, y organizada por Ecociudad Valdespartera y el Colegio Oficial de Arquitectos de Arag\u00f3n, se celebr\u00f3 el pasado jueves 25 de Septiembre una Jornada T\u00e9cnica con el t\u00edtulo de &#8220;Arquitectura y Energ\u00eda&#8221;, en la Feria de Zaragoza<\/p>\n<p>En la jornada se presentaron proyectos de arquitectura sostenibles realizados recientemente en Zaragoza: Ecociudad Valdespartera, Unidad de Montes de Medioambiente, Edificio CIRCE, Aeropuerto de Zaragoza, Pabell\u00f3n de Iniciativas ciudadanas en Expo 2008, Pabell\u00f3n de Espa\u00f1a y Edificios de Cabecera y DHC del Parque Metropolitano.<\/p>\n<p>La jornada t\u00e9cnica se complementa con una exposici\u00f3n de los proyectos en el stand del\u00a0Colegio Oficial de Arquitectos de Arag\u00f3n, en el pabell\u00f3n 1 de la Feria de Zaragoza, que se prolongar\u00e1 hasta mediados de octubre.<\/p>\n<p>Sobre\u00a0el\u00a0concepto actual de desarrollo sostenible:\u00a0 &#8220;The Next Green Revolution&#8221;, de Alex Nikolai en Wired <a href=\"http:\/\/www.wired.com\/wired\/archive\/14.05\/green.html\" rel=\"nofollow noopener\" target=\"_blank\">http:\/\/www.wired.com\/wired\/archive\/14.05\/green.html<\/a><\/p>\n<p>A technical conference &#8220;Architecture and Energy&#8221; celebrated last 25th september inside Ecobuilding, Fair on Ecological Construction, in Zaragoza Trade Fair.<\/p>\n<p>It includes the exhibition of several projects including Environmental Unit Headquarters by Mag\u00e9n Arquitectos.<\/p>\n","protected":false},"excerpt":{"rendered":"<p>En el marco de EcoBuilding, Exposici\u00f3n y Conferencia sobre Construcci\u00f3n Sostenible y Eficiencia Energ\u00e9tica en la Edificaci\u00f3n, y organizada por Ecociudad Valdespartera y el Colegio Oficial de Arquitectos de Arag\u00f3n, se celebr\u00f3 el pasado jueves 25 de Septiembre una Jornada T\u00e9cnica con el t\u00edtulo de &#8220;Arquitectura y Energ\u00eda&#8221;, en la Feria de Zaragoza En la [&hellip;]<\/p>\n","protected":false},"author":1,"featured_media":0,"comment_status":"open","ping_status":"open","sticky":false,"template":"","format":"standard","meta":{"_monsterinsights_skip_tracking":false,"_monsterinsights_sitenote_active":false,"_monsterinsights_sitenote_note":"","_monsterinsights_sitenote_category":0},"categories":[76,77,78,65,130,131],"tags":[129,79,80,68,81,82,83,74],"_links":{"self":[{"href":"https:\/\/magenarquitectos.com\/en\/wp-json\/wp\/v2\/posts\/11722"}],"collection":[{"href":"https:\/\/magenarquitectos.com\/en\/wp-json\/wp\/v2\/posts"}],"about":[{"href":"https:\/\/magenarquitectos.com\/en\/wp-json\/wp\/v2\/types\/post"}],"author":[{"embeddable":true,"href":"https:\/\/magenarquitectos.com\/en\/wp-json\/wp\/v2\/users\/1"}],"replies":[{"embeddable":true,"href":"https:\/\/magenarquitectos.com\/en\/wp-json\/wp\/v2\/comments?post=11722"}],"version-history":[{"count":1,"href":"https:\/\/magenarquitectos.com\/en\/wp-json\/wp\/v2\/posts\/11722\/revisions"}],"predecessor-version":[{"id":13986,"href":"https:\/\/magenarquitectos.com\/en\/wp-json\/wp\/v2\/posts\/11722\/revisions\/13986"}],"wp:attachment":[{"href":"https:\/\/magenarquitectos.com\/en\/wp-json\/wp\/v2\/media?parent=11722"}],"wp:term":[{"taxonomy":"category","embeddable":true,"href":"https:\/\/magenarquitectos.com\/en\/wp-json\/wp\/v2\/categories?post=11722"},{"taxonomy":"post_tag","embeddable":true,"href":"https:\/\/magenarquitectos.com\/en\/wp-json\/wp\/v2\/tags?post=11722"}],"curies":[{"name":"wp","href":"https:\/\/api.w.org\/{rel}","templated":true}]}}