{"id":11723,"date":"2008-10-15T19:51:37","date_gmt":"2008-10-15T19:51:37","guid":{"rendered":"http:\/\/magenarquitectos.wordpress.com\/?p=223"},"modified":"2021-06-17T10:30:39","modified_gmt":"2021-06-17T10:30:39","slug":"articulo-para-el-especial-zaragoza-2008-2009-de-heraldo-de-aragon","status":"publish","type":"post","link":"https:\/\/magenarquitectos.com\/en\/articulo-para-el-especial-zaragoza-2008-2009-de-heraldo-de-aragon\/","title":{"rendered":"Art\u00edculo para el especial &#8220;Zaragoza 2008-2009&#8221; de Heraldo de Arag\u00f3n"},"content":{"rendered":"<p><img loading=\"lazy\" class=\"alignnone size-medium wp-image-225\" title=\"notiplaza1\" src=\"http:\/\/magenarquitectos.files.wordpress.com\/2008\/10\/notiplaza1.jpg?w=221\" alt=\"\" width=\"221\" height=\"300\"><\/p>\n<p>Article for &#8220;Zaragoza 2008-2009&#8221; in Heraldo de Arag\u00f3n<\/p>\n<p>(12\/10\/08)<\/p>\n<p class=\"MsoNormal\" style=\"margin:0;\"><span style=\"font-size:11pt;font-family:&amp;\">TAPIZ GEOM\u00c9TRICO<\/span><\/p>\n<p class=\"MsoNormal\" style=\"margin:0;\">\n<p class=\"MsoNormal\" style=\"text-indent:35.4pt;text-align:justify;margin:0;\"><span style=\"font-size:11pt;font-family:&amp;\">La plaza Eduardo Ibarra ha recuperado para el uso ciudadano un espacio urbano de amplias dimensiones, similares a las de la Plaza del Pilar, anteriormente destinado a aparcamiento, en un proyecto conjunto de aparcamiento de tres plantas bajo rasante y espacio p\u00fablico en superficie.<\/span><\/p>\n<p class=\"MsoNormal\" style=\"text-indent:35.4pt;text-align:justify;margin:0;\"><span style=\"font-size:11pt;font-family:&amp;\">Considerar los condicionantes del proyecto ayudar\u00e1 a apreciar sus valores urbanos, al tener en cuenta que, en este caso, de los tres elementos principales que configuran el espacio urbano -las fachadas arquitect\u00f3nicas, la topograf\u00eda y calidad del pavimento y las formas tridimensionales interiores-, las fachadas de los muy distintos edificios, iban a asumir con dificultad, salvo en el caso del Auditorio, su protagonismo ante el nuevo espacio urbano, y las formas interiores de la plaza deb\u00edan resolver las servidumbres t\u00e9cnicas y de accesos al aparcamiento.<\/span><\/p>\n<p class=\"MsoNormal\" style=\"text-indent:35.4pt;text-align:justify;margin:0;\"><span style=\"font-size:11pt;font-family:&amp;\">Con este punto de partida, el proyecto del estudio madrile\u00f1o Cano Lasso, hace un esfuerzo por domesticar los requerimientos del aparcamiento proponiendo, sobre un plano continuo, un tapiz de formas geom\u00e9tricas en una composici\u00f3n equilibrada de elementos, colores y materiales, \u00a0que se aprecia mejor en la planta de cubiertas o en una visi\u00f3n elevada sobre el conjunto. <\/span><\/p>\n<p class=\"MsoNormal\" style=\"text-indent:35.4pt;text-align:justify;margin:0;\"><span style=\"font-size:11pt;font-family:&amp;\">La organizaci\u00f3n del espacio plantea dos andadores laterales y una banda central de actividades, en la que se definen unas \u00e1reas acotadas en su dimensi\u00f3n que dotan al conjunto de una escala m\u00e1s razonable que la que se deriva de las dimensiones totales del espacio, a la vez que define ambientes m\u00e1s particulares de estancia y actividad.<\/span><\/p>\n<p class=\"MsoNormal\" style=\"text-indent:35.4pt;text-align:justify;margin:0;\"><span style=\"font-size:11pt;font-family:&amp;\">L\u00e1minas de agua, jardines de plantas arom\u00e1ticas, pavimentos p\u00e9treos y de madera, zonas de juego de ni\u00f1os, arbustos, distintas especies de \u00e1rboles, lucernarios y luminarias integradas, configuran el plano del suelo, del que emergen elementos funcionales (lucernarios, ventilaciones, salidas del aparcamiento&#8230;) y pabellones destinados a diversos usos (caf\u00e9s-terraza, quioscos) resueltos con pureza geom\u00e9trico y rigor material, en vidrio, acero y madera<\/span><span style=\"font-size:small;font-family:Times New Roman;\">.<\/span><\/p>\n<p class=\"MsoNormal\" style=\"text-indent:35.4pt;text-align:justify;margin:0;\"><span style=\"font-size:small;font-family:Times New Roman;\">Jaime Mag\u00e9n<\/span><\/p>\n","protected":false},"excerpt":{"rendered":"<p>Article for &#8220;Zaragoza 2008-2009&#8221; in Heraldo de Arag\u00f3n (12\/10\/08) TAPIZ GEOM\u00c9TRICO La plaza Eduardo Ibarra ha recuperado para el uso ciudadano un espacio urbano de amplias dimensiones, similares a las de la Plaza del Pilar, anteriormente destinado a aparcamiento, en un proyecto conjunto de aparcamiento de tres plantas bajo rasante y espacio p\u00fablico en superficie. [&hellip;]<\/p>\n","protected":false},"author":1,"featured_media":0,"comment_status":"open","ping_status":"open","sticky":false,"template":"","format":"standard","meta":{"_monsterinsights_skip_tracking":false,"_monsterinsights_sitenote_active":false,"_monsterinsights_sitenote_note":"","_monsterinsights_sitenote_category":0},"categories":[132,90],"tags":[122,123,74],"_links":{"self":[{"href":"https:\/\/magenarquitectos.com\/en\/wp-json\/wp\/v2\/posts\/11723"}],"collection":[{"href":"https:\/\/magenarquitectos.com\/en\/wp-json\/wp\/v2\/posts"}],"about":[{"href":"https:\/\/magenarquitectos.com\/en\/wp-json\/wp\/v2\/types\/post"}],"author":[{"embeddable":true,"href":"https:\/\/magenarquitectos.com\/en\/wp-json\/wp\/v2\/users\/1"}],"replies":[{"embeddable":true,"href":"https:\/\/magenarquitectos.com\/en\/wp-json\/wp\/v2\/comments?post=11723"}],"version-history":[{"count":1,"href":"https:\/\/magenarquitectos.com\/en\/wp-json\/wp\/v2\/posts\/11723\/revisions"}],"predecessor-version":[{"id":13984,"href":"https:\/\/magenarquitectos.com\/en\/wp-json\/wp\/v2\/posts\/11723\/revisions\/13984"}],"wp:attachment":[{"href":"https:\/\/magenarquitectos.com\/en\/wp-json\/wp\/v2\/media?parent=11723"}],"wp:term":[{"taxonomy":"category","embeddable":true,"href":"https:\/\/magenarquitectos.com\/en\/wp-json\/wp\/v2\/categories?post=11723"},{"taxonomy":"post_tag","embeddable":true,"href":"https:\/\/magenarquitectos.com\/en\/wp-json\/wp\/v2\/tags?post=11723"}],"curies":[{"name":"wp","href":"https:\/\/api.w.org\/{rel}","templated":true}]}}