{"id":11725,"date":"2008-12-15T17:42:46","date_gmt":"2008-12-15T17:42:46","guid":{"rendered":"http:\/\/magenarquitectos.wordpress.com\/?p=235"},"modified":"2021-06-17T10:30:38","modified_gmt":"2021-06-17T10:30:38","slug":"arquiaproxima-2008-origenes-y-desacuerdos","status":"publish","type":"post","link":"https:\/\/magenarquitectos.com\/en\/arquiaproxima-2008-origenes-y-desacuerdos\/","title":{"rendered":"Arquia\/pr\u00f3xima 2008: Or\u00edgenes y desacuerdos"},"content":{"rendered":"<p><img loading=\"lazy\" class=\"alignnone size-full wp-image-237\" title=\"arquia1\" src=\"http:\/\/magenarquitectos.files.wordpress.com\/2008\/12\/arquia1.jpg\" alt=\"arquia1\" width=\"420\" height=\"371\" \/><\/p>\n<p>El Edificio de 68 Viviendas de Protecci\u00f3n Oficial en Zaragoza forma parte del libro-cat\u00e1logo de la exposici\u00f3n Proxima, editado recientemente por la Caja de Arquitectos<\/p>\n<p>68 Social Housing in Zaragoza, by Mag\u00e9n Arquitectos, published in book-catalogue about exhibition Pr\u00f3xima 2008<\/p>\n","protected":false},"excerpt":{"rendered":"<p>El Edificio de 68 Viviendas de Protecci\u00f3n Oficial en Zaragoza forma parte del libro-cat\u00e1logo de la exposici\u00f3n Proxima, editado recientemente por la Caja de Arquitectos 68 Social Housing in Zaragoza, by Mag\u00e9n Arquitectos, published in book-catalogue about exhibition Pr\u00f3xima 2008<\/p>\n","protected":false},"author":1,"featured_media":0,"comment_status":"open","ping_status":"open","sticky":false,"template":"","format":"standard","meta":{"_monsterinsights_skip_tracking":false,"_monsterinsights_sitenote_active":false,"_monsterinsights_sitenote_note":"","_monsterinsights_sitenote_category":0},"categories":[113,95],"tags":[62,126,119,87,70,98,96,99],"_links":{"self":[{"href":"https:\/\/magenarquitectos.com\/en\/wp-json\/wp\/v2\/posts\/11725"}],"collection":[{"href":"https:\/\/magenarquitectos.com\/en\/wp-json\/wp\/v2\/posts"}],"about":[{"href":"https:\/\/magenarquitectos.com\/en\/wp-json\/wp\/v2\/types\/post"}],"author":[{"embeddable":true,"href":"https:\/\/magenarquitectos.com\/en\/wp-json\/wp\/v2\/users\/1"}],"replies":[{"embeddable":true,"href":"https:\/\/magenarquitectos.com\/en\/wp-json\/wp\/v2\/comments?post=11725"}],"version-history":[{"count":1,"href":"https:\/\/magenarquitectos.com\/en\/wp-json\/wp\/v2\/posts\/11725\/revisions"}],"predecessor-version":[{"id":13982,"href":"https:\/\/magenarquitectos.com\/en\/wp-json\/wp\/v2\/posts\/11725\/revisions\/13982"}],"wp:attachment":[{"href":"https:\/\/magenarquitectos.com\/en\/wp-json\/wp\/v2\/media?parent=11725"}],"wp:term":[{"taxonomy":"category","embeddable":true,"href":"https:\/\/magenarquitectos.com\/en\/wp-json\/wp\/v2\/categories?post=11725"},{"taxonomy":"post_tag","embeddable":true,"href":"https:\/\/magenarquitectos.com\/en\/wp-json\/wp\/v2\/tags?post=11725"}],"curies":[{"name":"wp","href":"https:\/\/api.w.org\/{rel}","templated":true}]}}