{"id":11726,"date":"2008-12-15T18:08:49","date_gmt":"2008-12-15T18:08:49","guid":{"rendered":"http:\/\/magenarquitectos.wordpress.com\/2008\/12\/15\/en-construccion-sede-comarcal-del-bajo-martin\/"},"modified":"2021-06-17T10:30:38","modified_gmt":"2021-06-17T10:30:38","slug":"en-construccion-sede-comarcal-del-bajo-martin","status":"publish","type":"post","link":"https:\/\/magenarquitectos.com\/en\/en-construccion-sede-comarcal-del-bajo-martin\/","title":{"rendered":"En construcci\u00f3n \/ Work in progress"},"content":{"rendered":"<p>Sede de la Comarca del Bajo Mart\u00edn. H\u00edjar (Teruel)<\/p>\n<p><img loading=\"lazy\" class=\"alignnone size-full wp-image-240\" title=\"salaactoshijar1\" src=\"http:\/\/magenarquitectos.files.wordpress.com\/2008\/12\/salaactoshijar1.jpg\" alt=\"salaactoshijar1\" width=\"420\" height=\"314\" \/><br \/>\nSal\u00f3n de Actos<\/p>\n","protected":false},"excerpt":{"rendered":"<p>Sede de la Comarca del Bajo Mart\u00edn. H\u00edjar (Teruel) Sal\u00f3n de Actos<\/p>\n","protected":false},"author":1,"featured_media":0,"comment_status":"open","ping_status":"open","sticky":false,"template":"","format":"standard","meta":{"_monsterinsights_skip_tracking":false,"_monsterinsights_sitenote_active":false,"_monsterinsights_sitenote_note":"","_monsterinsights_sitenote_category":0},"categories":[77,97,65],"tags":[100,101,102,103,104,105],"_links":{"self":[{"href":"https:\/\/magenarquitectos.com\/en\/wp-json\/wp\/v2\/posts\/11726"}],"collection":[{"href":"https:\/\/magenarquitectos.com\/en\/wp-json\/wp\/v2\/posts"}],"about":[{"href":"https:\/\/magenarquitectos.com\/en\/wp-json\/wp\/v2\/types\/post"}],"author":[{"embeddable":true,"href":"https:\/\/magenarquitectos.com\/en\/wp-json\/wp\/v2\/users\/1"}],"replies":[{"embeddable":true,"href":"https:\/\/magenarquitectos.com\/en\/wp-json\/wp\/v2\/comments?post=11726"}],"version-history":[{"count":1,"href":"https:\/\/magenarquitectos.com\/en\/wp-json\/wp\/v2\/posts\/11726\/revisions"}],"predecessor-version":[{"id":13981,"href":"https:\/\/magenarquitectos.com\/en\/wp-json\/wp\/v2\/posts\/11726\/revisions\/13981"}],"wp:attachment":[{"href":"https:\/\/magenarquitectos.com\/en\/wp-json\/wp\/v2\/media?parent=11726"}],"wp:term":[{"taxonomy":"category","embeddable":true,"href":"https:\/\/magenarquitectos.com\/en\/wp-json\/wp\/v2\/categories?post=11726"},{"taxonomy":"post_tag","embeddable":true,"href":"https:\/\/magenarquitectos.com\/en\/wp-json\/wp\/v2\/tags?post=11726"}],"curies":[{"name":"wp","href":"https:\/\/api.w.org\/{rel}","templated":true}]}}