{"id":11728,"date":"2008-12-15T18:27:42","date_gmt":"2008-12-15T18:27:42","guid":{"rendered":"http:\/\/magenarquitectos.wordpress.com\/2008\/12\/15\/en-construccion-rehabilitacion-casa-julve-escuela-de-musica-de-alcaniz\/"},"modified":"2021-06-17T10:30:37","modified_gmt":"2021-06-17T10:30:37","slug":"en-construccion-rehabilitacion-casa-julve-escuela-de-musica-de-alcaniz","status":"publish","type":"post","link":"https:\/\/magenarquitectos.com\/en\/en-construccion-rehabilitacion-casa-julve-escuela-de-musica-de-alcaniz\/","title":{"rendered":"En Construcci\u00f3n \/ Work in progress"},"content":{"rendered":"<p>Rehabilitaci\u00f3n de la Casa Julve para Escuela de M\u00fasica. Alca\u00f1iz (Teruel)<\/p>\n<p><img loading=\"lazy\" class=\"alignnone size-full wp-image-244\" title=\"casajulve1\" src=\"http:\/\/magenarquitectos.files.wordpress.com\/2008\/12\/casajulve1.jpg\" alt=\"casajulve1\" width=\"420\" height=\"314\" \/><br \/>\nPatio-escalera principal<\/p>\n","protected":false},"excerpt":{"rendered":"<p>Rehabilitaci\u00f3n de la Casa Julve para Escuela de M\u00fasica. Alca\u00f1iz (Teruel) Patio-escalera principal<\/p>\n","protected":false},"author":1,"featured_media":0,"comment_status":"open","ping_status":"open","sticky":false,"template":"","format":"standard","meta":{"_monsterinsights_skip_tracking":false,"_monsterinsights_sitenote_active":false,"_monsterinsights_sitenote_note":"","_monsterinsights_sitenote_category":0},"categories":[97,65,66,92],"tags":[133,134,80,93,94],"_links":{"self":[{"href":"https:\/\/magenarquitectos.com\/en\/wp-json\/wp\/v2\/posts\/11728"}],"collection":[{"href":"https:\/\/magenarquitectos.com\/en\/wp-json\/wp\/v2\/posts"}],"about":[{"href":"https:\/\/magenarquitectos.com\/en\/wp-json\/wp\/v2\/types\/post"}],"author":[{"embeddable":true,"href":"https:\/\/magenarquitectos.com\/en\/wp-json\/wp\/v2\/users\/1"}],"replies":[{"embeddable":true,"href":"https:\/\/magenarquitectos.com\/en\/wp-json\/wp\/v2\/comments?post=11728"}],"version-history":[{"count":1,"href":"https:\/\/magenarquitectos.com\/en\/wp-json\/wp\/v2\/posts\/11728\/revisions"}],"predecessor-version":[{"id":13979,"href":"https:\/\/magenarquitectos.com\/en\/wp-json\/wp\/v2\/posts\/11728\/revisions\/13979"}],"wp:attachment":[{"href":"https:\/\/magenarquitectos.com\/en\/wp-json\/wp\/v2\/media?parent=11728"}],"wp:term":[{"taxonomy":"category","embeddable":true,"href":"https:\/\/magenarquitectos.com\/en\/wp-json\/wp\/v2\/categories?post=11728"},{"taxonomy":"post_tag","embeddable":true,"href":"https:\/\/magenarquitectos.com\/en\/wp-json\/wp\/v2\/tags?post=11728"}],"curies":[{"name":"wp","href":"https:\/\/api.w.org\/{rel}","templated":true}]}}