{"id":11739,"date":"2009-02-13T19:00:41","date_gmt":"2009-02-13T19:00:41","guid":{"rendered":"http:\/\/magenarquitectos.wordpress.com\/?p=291"},"modified":"2021-06-17T10:30:33","modified_gmt":"2021-06-17T10:30:33","slug":"en-construccion-rehabilitacion-de-la-casa-julve-para-escuela-de-musica-alcaniz-teruel","status":"publish","type":"post","link":"https:\/\/magenarquitectos.com\/en\/en-construccion-rehabilitacion-de-la-casa-julve-para-escuela-de-musica-alcaniz-teruel\/","title":{"rendered":"En Construcci\u00f3n \/ Work in progress"},"content":{"rendered":"<p>Rehabilitaci\u00f3n de la Casa Julve para Escuela de M\u00fasica. Alca\u00f1iz (Teruel)<\/p>\n<p><img loading=\"lazy\" class=\"alignnone size-full wp-image-292\" title=\"julve21302\" src=\"http:\/\/magenarquitectos.files.wordpress.com\/2009\/02\/julve21302.jpg\" alt=\"julve21302\" width=\"420\" height=\"322\" \/><\/p>\n","protected":false},"excerpt":{"rendered":"<p>Rehabilitaci\u00f3n de la Casa Julve para Escuela de M\u00fasica. Alca\u00f1iz (Teruel)<\/p>\n","protected":false},"author":1,"featured_media":0,"comment_status":"open","ping_status":"open","sticky":false,"template":"","format":"standard","meta":{"_monsterinsights_skip_tracking":false,"_monsterinsights_sitenote_active":false,"_monsterinsights_sitenote_note":"","_monsterinsights_sitenote_category":0},"categories":[97,65,66,92],"tags":[133,134,80,93,94],"_links":{"self":[{"href":"https:\/\/magenarquitectos.com\/en\/wp-json\/wp\/v2\/posts\/11739"}],"collection":[{"href":"https:\/\/magenarquitectos.com\/en\/wp-json\/wp\/v2\/posts"}],"about":[{"href":"https:\/\/magenarquitectos.com\/en\/wp-json\/wp\/v2\/types\/post"}],"author":[{"embeddable":true,"href":"https:\/\/magenarquitectos.com\/en\/wp-json\/wp\/v2\/users\/1"}],"replies":[{"embeddable":true,"href":"https:\/\/magenarquitectos.com\/en\/wp-json\/wp\/v2\/comments?post=11739"}],"version-history":[{"count":1,"href":"https:\/\/magenarquitectos.com\/en\/wp-json\/wp\/v2\/posts\/11739\/revisions"}],"predecessor-version":[{"id":13967,"href":"https:\/\/magenarquitectos.com\/en\/wp-json\/wp\/v2\/posts\/11739\/revisions\/13967"}],"wp:attachment":[{"href":"https:\/\/magenarquitectos.com\/en\/wp-json\/wp\/v2\/media?parent=11739"}],"wp:term":[{"taxonomy":"category","embeddable":true,"href":"https:\/\/magenarquitectos.com\/en\/wp-json\/wp\/v2\/categories?post=11739"},{"taxonomy":"post_tag","embeddable":true,"href":"https:\/\/magenarquitectos.com\/en\/wp-json\/wp\/v2\/tags?post=11739"}],"curies":[{"name":"wp","href":"https:\/\/api.w.org\/{rel}","templated":true}]}}