{"id":11742,"date":"2009-02-13T19:15:33","date_gmt":"2009-02-13T19:15:33","guid":{"rendered":"http:\/\/magenarquitectos.wordpress.com\/?p=299"},"modified":"2021-06-17T10:26:50","modified_gmt":"2021-06-17T10:26:50","slug":"proyecto-de-ceip-918-uds-en-el-barrio-de-rosales-del-canal-zaragoza","status":"publish","type":"post","link":"https:\/\/magenarquitectos.com\/en\/proyecto-de-ceip-918-uds-en-el-barrio-de-rosales-del-canal-zaragoza\/","title":{"rendered":"Proyecto de CEIP (9+18 uds) en el Barrio de Rosales del Canal. Zaragoza"},"content":{"rendered":"<p><img loading=\"lazy\" class=\"alignnone size-full wp-image-300\" title=\"ceip1\" src=\"http:\/\/magenarquitectos.files.wordpress.com\/2009\/02\/ceip1.jpg\" alt=\"ceip1\" width=\"420\" height=\"299\" \/><\/p>\n<p>Finalizado el Proyecto B\u00e1sico de un Centro de Educaci\u00f3n Infantil y Primaria (9+18 uds) y Proyecto de Ejecuci\u00f3n de 9 uds. de Educaci\u00f3n Infantil en el Barrio de Rosales del Canal de Zaragoza, promovido por el Departamento de Educaci\u00f3n, Cultura y Deporte del Gobierno de Arag\u00f3n.<\/p>\n<p>Finished the Design Project of a CEIP and the Executive Project of a Kindergarten in Rosales del Canal in Zaragoza, promoted by the Department of Education, Culture and Sport of the Government of Arag\u00f3n.<\/p>\n","protected":false},"excerpt":{"rendered":"<p>Finalizado el Proyecto B\u00e1sico de un Centro de Educaci\u00f3n Infantil y Primaria (9+18 uds) y Proyecto de Ejecuci\u00f3n de 9 uds. de Educaci\u00f3n Infantil en el Barrio de Rosales del Canal de Zaragoza, promovido por el Departamento de Educaci\u00f3n, Cultura y Deporte del Gobierno de Arag\u00f3n. Finished the Design Project of a CEIP and the [&hellip;]<\/p>\n","protected":false},"author":1,"featured_media":0,"comment_status":"open","ping_status":"open","sticky":false,"template":"","format":"standard","meta":{"_monsterinsights_skip_tracking":false,"_monsterinsights_sitenote_active":false,"_monsterinsights_sitenote_note":"","_monsterinsights_sitenote_category":0},"categories":[65,139],"tags":[134,80,140,141,142,143,74],"_links":{"self":[{"href":"https:\/\/magenarquitectos.com\/en\/wp-json\/wp\/v2\/posts\/11742"}],"collection":[{"href":"https:\/\/magenarquitectos.com\/en\/wp-json\/wp\/v2\/posts"}],"about":[{"href":"https:\/\/magenarquitectos.com\/en\/wp-json\/wp\/v2\/types\/post"}],"author":[{"embeddable":true,"href":"https:\/\/magenarquitectos.com\/en\/wp-json\/wp\/v2\/users\/1"}],"replies":[{"embeddable":true,"href":"https:\/\/magenarquitectos.com\/en\/wp-json\/wp\/v2\/comments?post=11742"}],"version-history":[{"count":1,"href":"https:\/\/magenarquitectos.com\/en\/wp-json\/wp\/v2\/posts\/11742\/revisions"}],"predecessor-version":[{"id":13964,"href":"https:\/\/magenarquitectos.com\/en\/wp-json\/wp\/v2\/posts\/11742\/revisions\/13964"}],"wp:attachment":[{"href":"https:\/\/magenarquitectos.com\/en\/wp-json\/wp\/v2\/media?parent=11742"}],"wp:term":[{"taxonomy":"category","embeddable":true,"href":"https:\/\/magenarquitectos.com\/en\/wp-json\/wp\/v2\/categories?post=11742"},{"taxonomy":"post_tag","embeddable":true,"href":"https:\/\/magenarquitectos.com\/en\/wp-json\/wp\/v2\/tags?post=11742"}],"curies":[{"name":"wp","href":"https:\/\/api.w.org\/{rel}","templated":true}]}}