{"id":11760,"date":"2009-04-27T18:04:04","date_gmt":"2009-04-27T18:04:04","guid":{"rendered":"http:\/\/magenarquitectos.wordpress.com\/2009\/04\/27\/promateriales-n%c2%ba24abril-2009-vivienda-colectiva-en-espana\/"},"modified":"2021-06-17T10:26:41","modified_gmt":"2021-06-17T10:26:41","slug":"promateriales-n%c2%ba24abril-2009-vivienda-colectiva-en-espana","status":"publish","type":"post","link":"https:\/\/magenarquitectos.com\/en\/promateriales-n%c2%ba24abril-2009-vivienda-colectiva-en-espana\/","title":{"rendered":"proMATERIALES n\u00ba24\/Abril 2009: Vivienda Colectiva en Espa\u00f1a"},"content":{"rendered":"<p>El n\u00famero 24 de la revista proMATERIALES publica un extenso reportaje sobre la evoluci\u00f3n hist\u00f3rica de la Vivienda Colectiva en Espa\u00f1a, que incluye el Edificio de 68 viviendas de Protecci\u00f3n Oficial en la calle Biescas de Zaragoza.<\/p>\n<p>Spanish magazine proMateriales, in its issue n\u00ba 24, brings a report focused on the historical development of\u00a0 Housing in Spain, including the 68 Social Housing at the urban edge in Zaragoza, by Mag\u00e9n Arquitectos.<\/p>\n<p><img loading=\"lazy\" class=\"alignnone size-full wp-image-386\" title=\"promat1b\" src=\"http:\/\/magenarquitectos.files.wordpress.com\/2009\/04\/promat1b.jpg\" alt=\"promat1b\" width=\"420\" height=\"582\" \/><img loading=\"lazy\" class=\"alignnone size-full wp-image-387\" title=\"promat2b\" src=\"http:\/\/magenarquitectos.files.wordpress.com\/2009\/04\/promat2b.jpg\" alt=\"promat2b\" width=\"420\" height=\"634\" \/><\/p>\n","protected":false},"excerpt":{"rendered":"<p>El n\u00famero 24 de la revista proMATERIALES publica un extenso reportaje sobre la evoluci\u00f3n hist\u00f3rica de la Vivienda Colectiva en Espa\u00f1a, que incluye el Edificio de 68 viviendas de Protecci\u00f3n Oficial en la calle Biescas de Zaragoza. Spanish magazine proMateriales, in its issue n\u00ba 24, brings a report focused on the historical development of\u00a0 Housing [&hellip;]<\/p>\n","protected":false},"author":1,"featured_media":0,"comment_status":"open","ping_status":"open","sticky":false,"template":"","format":"standard","meta":{"_monsterinsights_skip_tracking":false,"_monsterinsights_sitenote_active":false,"_monsterinsights_sitenote_note":"","_monsterinsights_sitenote_category":0},"categories":[90,95],"tags":[87,89,98,96,99,74],"_links":{"self":[{"href":"https:\/\/magenarquitectos.com\/en\/wp-json\/wp\/v2\/posts\/11760"}],"collection":[{"href":"https:\/\/magenarquitectos.com\/en\/wp-json\/wp\/v2\/posts"}],"about":[{"href":"https:\/\/magenarquitectos.com\/en\/wp-json\/wp\/v2\/types\/post"}],"author":[{"embeddable":true,"href":"https:\/\/magenarquitectos.com\/en\/wp-json\/wp\/v2\/users\/1"}],"replies":[{"embeddable":true,"href":"https:\/\/magenarquitectos.com\/en\/wp-json\/wp\/v2\/comments?post=11760"}],"version-history":[{"count":1,"href":"https:\/\/magenarquitectos.com\/en\/wp-json\/wp\/v2\/posts\/11760\/revisions"}],"predecessor-version":[{"id":13944,"href":"https:\/\/magenarquitectos.com\/en\/wp-json\/wp\/v2\/posts\/11760\/revisions\/13944"}],"wp:attachment":[{"href":"https:\/\/magenarquitectos.com\/en\/wp-json\/wp\/v2\/media?parent=11760"}],"wp:term":[{"taxonomy":"category","embeddable":true,"href":"https:\/\/magenarquitectos.com\/en\/wp-json\/wp\/v2\/categories?post=11760"},{"taxonomy":"post_tag","embeddable":true,"href":"https:\/\/magenarquitectos.com\/en\/wp-json\/wp\/v2\/tags?post=11760"}],"curies":[{"name":"wp","href":"https:\/\/api.w.org\/{rel}","templated":true}]}}