{"id":11764,"date":"2009-05-22T08:56:24","date_gmt":"2009-05-22T08:56:24","guid":{"rendered":"http:\/\/magenarquitectos.wordpress.com\/2009\/05\/22\/fase-final-del-concurso-de-ideas-para-el-nuevo-ayuntamiento-de-medinaceli-soria\/"},"modified":"2021-06-17T10:26:39","modified_gmt":"2021-06-17T10:26:39","slug":"fase-final-del-concurso-de-ideas-para-el-nuevo-ayuntamiento-de-medinaceli-soria","status":"publish","type":"post","link":"https:\/\/magenarquitectos.com\/en\/fase-final-del-concurso-de-ideas-para-el-nuevo-ayuntamiento-de-medinaceli-soria\/","title":{"rendered":"Fase final del Concurso de Ideas para el nuevo Ayuntamiento de Medinaceli (Soria)"},"content":{"rendered":"<p>La propuesta presentada por Mag\u00e9n Arquitectos bajo el lema &#8220;\u00c1gora&#8221; ha sido una de las tres finalistas seleccionadas en el Concurso de Ideas para el nuevo Edificio que albergar\u00e1 el Ayuntamiento de Medinaceli (Soria). El jurado, con la presencia del Decano del Colegio de Arquitectos de Soria, estudiar\u00e1 los tres proyectos y elegir\u00e1 la propuesta ganadora.<\/p>\n<p>&#8220;\u00c1gora&#8221;, proposal by Mag\u00e9n Arquitectos, selected as finalist in the Ideas Contest of the New Town Hall in Medinaceli (Soria). The jury, within the presence of the Dean of the Colegio de Arquitectos of Soria, will study the three proposals selected to choose the winner.<\/p>\n<p>M\u00e1s informaci\u00f3n: http:\/\/www.heraldodesoria.es\/index.php\/mod.noticias\/mem.detalle\/idnoticia.23776<img loading=\"lazy\" class=\"alignnone size-full wp-image-397\" title=\"medinaceli01\" src=\"http:\/\/magenarquitectos.files.wordpress.com\/2009\/05\/medinaceli011.jpg\" alt=\"medinaceli01\" width=\"420\" height=\"279\" \/><\/p>\n","protected":false},"excerpt":{"rendered":"<p>La propuesta presentada por Mag\u00e9n Arquitectos bajo el lema &#8220;\u00c1gora&#8221; ha sido una de las tres finalistas seleccionadas en el Concurso de Ideas para el nuevo Edificio que albergar\u00e1 el Ayuntamiento de Medinaceli (Soria). El jurado, con la presencia del Decano del Colegio de Arquitectos de Soria, estudiar\u00e1 los tres proyectos y elegir\u00e1 la propuesta [&hellip;]<\/p>\n","protected":false},"author":1,"featured_media":0,"comment_status":"open","ping_status":"open","sticky":false,"template":"","format":"standard","meta":{"_monsterinsights_skip_tracking":false,"_monsterinsights_sitenote_active":false,"_monsterinsights_sitenote_note":"","_monsterinsights_sitenote_category":0},"categories":[75,77,65],"tags":[100,127,144],"_links":{"self":[{"href":"https:\/\/magenarquitectos.com\/en\/wp-json\/wp\/v2\/posts\/11764"}],"collection":[{"href":"https:\/\/magenarquitectos.com\/en\/wp-json\/wp\/v2\/posts"}],"about":[{"href":"https:\/\/magenarquitectos.com\/en\/wp-json\/wp\/v2\/types\/post"}],"author":[{"embeddable":true,"href":"https:\/\/magenarquitectos.com\/en\/wp-json\/wp\/v2\/users\/1"}],"replies":[{"embeddable":true,"href":"https:\/\/magenarquitectos.com\/en\/wp-json\/wp\/v2\/comments?post=11764"}],"version-history":[{"count":1,"href":"https:\/\/magenarquitectos.com\/en\/wp-json\/wp\/v2\/posts\/11764\/revisions"}],"predecessor-version":[{"id":13940,"href":"https:\/\/magenarquitectos.com\/en\/wp-json\/wp\/v2\/posts\/11764\/revisions\/13940"}],"wp:attachment":[{"href":"https:\/\/magenarquitectos.com\/en\/wp-json\/wp\/v2\/media?parent=11764"}],"wp:term":[{"taxonomy":"category","embeddable":true,"href":"https:\/\/magenarquitectos.com\/en\/wp-json\/wp\/v2\/categories?post=11764"},{"taxonomy":"post_tag","embeddable":true,"href":"https:\/\/magenarquitectos.com\/en\/wp-json\/wp\/v2\/tags?post=11764"}],"curies":[{"name":"wp","href":"https:\/\/api.w.org\/{rel}","templated":true}]}}