{"id":11767,"date":"2009-06-03T18:45:09","date_gmt":"2009-06-03T18:45:09","guid":{"rendered":"http:\/\/magenarquitectos.wordpress.com\/2009\/06\/03\/ugo-rivolta-european-award-2009-projects-admitted-to-the-final-stage\/"},"modified":"2021-06-17T10:26:38","modified_gmt":"2021-06-17T10:26:38","slug":"ugo-rivolta-european-award-2009-projects-admitted-to-the-final-stage","status":"publish","type":"post","link":"https:\/\/magenarquitectos.com\/en\/ugo-rivolta-european-award-2009-projects-admitted-to-the-final-stage\/","title":{"rendered":"Ugo Rivolta European Award 2009: projects admitted to the final stage"},"content":{"rendered":"<p>El jurado del Premio Europeo de Arquitectura Ugo Rivolta 2009 se reuni\u00f3 el 28 de mayo, para evaluar los proyectos presentados de Vivienda Social constru\u00eddos en Europa entre enero de 2003 y diciembre de 2008. El jurado decidi\u00f3 nombrar finalistas a 24 proyectos finalistas, de entre los que saldr\u00e1 el ganador del Premio. La lista incluye el Edificio de 68 viviendas VPO en Zaragoza, de Mag\u00e9n Arquitectos.<\/p>\n<p>The jury panel of the &#8220;Ugo Rivolta European Architecture award 2009&#8221; met on May the 28th 2009, to judge projects of Social Housing in Europe built between January 2003 and December 2008.<\/p>\n<p>The jury panel examines the reports, the drawings and looks over the pictures of all the enrolled buildings and concludes the sitting admitting 24 projects to the final stage. The list includes one project by Magen Arquitectos: 68 social housing in Zaragoza.<\/p>\n<p>More information: <a href=\"http:\/\/www.ordinearchitetti.mi.it\/index.php\/page,Notizie.Dettaglio\/id,1163\" rel=\"nofollow noopener\" target=\"_blank\">http:\/\/www.ordinearchitetti.mi.it\/index.php\/page,Notizie.Dettaglio\/id,1163<\/a><\/p>\n<p><a href=\"http:\/\/www.scalae.net\/noticia\/premio-europeo-di-architettura-ugo-rivolta-seconda-edizione\" rel=\"nofollow noopener\" target=\"_blank\">http:\/\/www.scalae.net\/noticia\/premio-europeo-di-architettura-ugo-rivolta-seconda-edizione<\/a><br \/>\n<img loading=\"lazy\" class=\"alignnone size-full wp-image-403\" title=\"Layout 1 (Page 1)\" alt=\"Layout 1 (Page 1)\" src=\"http:\/\/magenarquitectos.files.wordpress.com\/2009\/06\/rivolta1.jpg\" height=\"107\" width=\"210\" \/><\/p>\n","protected":false},"excerpt":{"rendered":"<p>El jurado del Premio Europeo de Arquitectura Ugo Rivolta 2009 se reuni\u00f3 el 28 de mayo, para evaluar los proyectos presentados de Vivienda Social constru\u00eddos en Europa entre enero de 2003 y diciembre de 2008. El jurado decidi\u00f3 nombrar finalistas a 24 proyectos finalistas, de entre los que saldr\u00e1 el ganador del Premio. La lista [&hellip;]<\/p>\n","protected":false},"author":1,"featured_media":0,"comment_status":"open","ping_status":"open","sticky":false,"template":"","format":"standard","meta":{"_monsterinsights_skip_tracking":false,"_monsterinsights_sitenote_active":false,"_monsterinsights_sitenote_note":"","_monsterinsights_sitenote_category":0},"categories":[113,95],"tags":[62,145,70,98,96,99],"_links":{"self":[{"href":"https:\/\/magenarquitectos.com\/en\/wp-json\/wp\/v2\/posts\/11767"}],"collection":[{"href":"https:\/\/magenarquitectos.com\/en\/wp-json\/wp\/v2\/posts"}],"about":[{"href":"https:\/\/magenarquitectos.com\/en\/wp-json\/wp\/v2\/types\/post"}],"author":[{"embeddable":true,"href":"https:\/\/magenarquitectos.com\/en\/wp-json\/wp\/v2\/users\/1"}],"replies":[{"embeddable":true,"href":"https:\/\/magenarquitectos.com\/en\/wp-json\/wp\/v2\/comments?post=11767"}],"version-history":[{"count":1,"href":"https:\/\/magenarquitectos.com\/en\/wp-json\/wp\/v2\/posts\/11767\/revisions"}],"predecessor-version":[{"id":13937,"href":"https:\/\/magenarquitectos.com\/en\/wp-json\/wp\/v2\/posts\/11767\/revisions\/13937"}],"wp:attachment":[{"href":"https:\/\/magenarquitectos.com\/en\/wp-json\/wp\/v2\/media?parent=11767"}],"wp:term":[{"taxonomy":"category","embeddable":true,"href":"https:\/\/magenarquitectos.com\/en\/wp-json\/wp\/v2\/categories?post=11767"},{"taxonomy":"post_tag","embeddable":true,"href":"https:\/\/magenarquitectos.com\/en\/wp-json\/wp\/v2\/tags?post=11767"}],"curies":[{"name":"wp","href":"https:\/\/api.w.org\/{rel}","templated":true}]}}