{"id":11783,"date":"2009-10-19T10:55:05","date_gmt":"2009-10-19T10:55:05","guid":{"rendered":"http:\/\/magenarquitectos.wordpress.com\/?p=538"},"modified":"2009-10-19T10:55:05","modified_gmt":"2009-10-19T10:55:05","slug":"video-construccion-de-la-sede-del-servicio-de-medio-ambiente-zaragoza","status":"publish","type":"post","link":"https:\/\/magenarquitectos.com\/en\/video-construccion-de-la-sede-del-servicio-de-medio-ambiente-zaragoza\/","title":{"rendered":"V\u00eddeo. Construcci\u00f3n de la Sede del Servicio de Medio Ambiente en el parque de riberas del r\u00edo Ebro. Zaragoza."},"content":{"rendered":"<p>Montaje audiovisual de fotograf\u00edas de la obra.<\/p>\n<p>Audiovisual editing of the construction process.<br \/>\n[youtube=http:\/\/www.youtube.com\/watch?v=Gm7jIthtHcg]<\/p>\n","protected":false},"excerpt":{"rendered":"<p>Montaje audiovisual de fotograf\u00edas de la obra. Audiovisual editing of the construction process. [youtube=http:\/\/www.youtube.com\/watch?v=Gm7jIthtHcg]<\/p>\n","protected":false},"author":1,"featured_media":0,"comment_status":"open","ping_status":"open","sticky":false,"template":"","format":"standard","meta":{"_monsterinsights_skip_tracking":false,"_monsterinsights_sitenote_active":false,"_monsterinsights_sitenote_note":"","_monsterinsights_sitenote_category":0},"categories":[76,77,78,65,146],"tags":[79,80,81,82,83,147,74],"_links":{"self":[{"href":"https:\/\/magenarquitectos.com\/en\/wp-json\/wp\/v2\/posts\/11783"}],"collection":[{"href":"https:\/\/magenarquitectos.com\/en\/wp-json\/wp\/v2\/posts"}],"about":[{"href":"https:\/\/magenarquitectos.com\/en\/wp-json\/wp\/v2\/types\/post"}],"author":[{"embeddable":true,"href":"https:\/\/magenarquitectos.com\/en\/wp-json\/wp\/v2\/users\/1"}],"replies":[{"embeddable":true,"href":"https:\/\/magenarquitectos.com\/en\/wp-json\/wp\/v2\/comments?post=11783"}],"version-history":[{"count":0,"href":"https:\/\/magenarquitectos.com\/en\/wp-json\/wp\/v2\/posts\/11783\/revisions"}],"wp:attachment":[{"href":"https:\/\/magenarquitectos.com\/en\/wp-json\/wp\/v2\/media?parent=11783"}],"wp:term":[{"taxonomy":"category","embeddable":true,"href":"https:\/\/magenarquitectos.com\/en\/wp-json\/wp\/v2\/categories?post=11783"},{"taxonomy":"post_tag","embeddable":true,"href":"https:\/\/magenarquitectos.com\/en\/wp-json\/wp\/v2\/tags?post=11783"}],"curies":[{"name":"wp","href":"https:\/\/api.w.org\/{rel}","templated":true}]}}