{"id":11788,"date":"2009-11-06T17:54:41","date_gmt":"2009-11-06T17:54:41","guid":{"rendered":"http:\/\/magenarquitectos.wordpress.com\/2009\/11\/06\/las-viviendas-de-la-calle-biescas-seleccionadas-en-el-saie-bolonia-09\/"},"modified":"2009-11-06T17:54:41","modified_gmt":"2009-11-06T17:54:41","slug":"las-viviendas-de-la-calle-biescas-seleccionadas-en-el-saie-bolonia-09","status":"publish","type":"post","link":"https:\/\/magenarquitectos.com\/en\/las-viviendas-de-la-calle-biescas-seleccionadas-en-el-saie-bolonia-09\/","title":{"rendered":"El edificio de 68 VPO en Zaragoza seleccionado en el SAIE Bolonia 09."},"content":{"rendered":"<p><img loading=\"lazy\" class=\"alignnone size-full wp-image-563\" title=\"saie2009\" src=\"http:\/\/magenarquitectos.files.wordpress.com\/2009\/11\/saie2009.jpg\" alt=\"saie2009\" width=\"420\" height=\"540\" \/><\/p>\n<p>En el \u00e1mbito Cuore Mostra SAIE 2009, durante el SAIE Salone Internazionale dell\u00b4Edilizia, que tuvo lugar en Bolonia del 28 al 31 de Octubre de 2009, se ha desarrollado una reflexi\u00f3n sobre el futuro de la vivienda social en Europa, bajo el t\u00edtulo &#8220;LOW COST. LOW ENERGY. QUALITY ARCHITECTURE. A NEW ERA OF SOCIAL HOUSING.&#8221;<br \/>\nCon el mismo t\u00edtulo se ha publicado un libro, editado por BE.MA editrice, que afronta la tem\u00e1tica de la vivienda social hoy en Italia y en Europa, y presenta las innovaciones tecnol\u00f3gicas m\u00e1s interesantes, y documenta las realizaciones particularmente significativas en este sector, a trav\u00e9s de una selecci\u00f3n de 22 proyectos.<\/p>\n<p>La selecci\u00f3n incluye edificios de viviendas sociales, finalizados en los \u00faltimos a\u00f1os en Europa, de Richard Rogers, Mecanoo, Ofis, Alejandro Aravena, Cino Zucchi, Bill Dunster, ECDM,&#8230; junto con dos obras situadas en Espa\u00f1a: 26 viviendas VPO en Umbrete (Sevilla) de Solinas+Verd arquitectos y 68 viviendas VPO en la calle Biescas de Zaragoza, de Mag\u00e9n Arquitectos.<\/p>\n<p>&#8220;Low cost, low energy, quality architecture. A new era of social housing&#8221;, exhibition at SAIE Salone Internazionale dell\u00b4Edilizia and book published by BE.MA editrice focused on Social Housing with 22 selected projects including 68 Social Housing at the urban edge, by Mag\u00e9n Arquitectos.<\/p>\n","protected":false},"excerpt":{"rendered":"<p>En el \u00e1mbito Cuore Mostra SAIE 2009, durante el SAIE Salone Internazionale dell\u00b4Edilizia, que tuvo lugar en Bolonia del 28 al 31 de Octubre de 2009, se ha desarrollado una reflexi\u00f3n sobre el futuro de la vivienda social en Europa, bajo el t\u00edtulo &#8220;LOW COST. LOW ENERGY. QUALITY ARCHITECTURE. A NEW ERA OF SOCIAL HOUSING.&#8221; [&hellip;]<\/p>\n","protected":false},"author":1,"featured_media":0,"comment_status":"open","ping_status":"open","sticky":false,"template":"","format":"standard","meta":{"_monsterinsights_skip_tracking":false,"_monsterinsights_sitenote_active":false,"_monsterinsights_sitenote_note":"","_monsterinsights_sitenote_category":0},"categories":[113,90,95],"tags":[62,119,145,70,98,96,99],"_links":{"self":[{"href":"https:\/\/magenarquitectos.com\/en\/wp-json\/wp\/v2\/posts\/11788"}],"collection":[{"href":"https:\/\/magenarquitectos.com\/en\/wp-json\/wp\/v2\/posts"}],"about":[{"href":"https:\/\/magenarquitectos.com\/en\/wp-json\/wp\/v2\/types\/post"}],"author":[{"embeddable":true,"href":"https:\/\/magenarquitectos.com\/en\/wp-json\/wp\/v2\/users\/1"}],"replies":[{"embeddable":true,"href":"https:\/\/magenarquitectos.com\/en\/wp-json\/wp\/v2\/comments?post=11788"}],"version-history":[{"count":0,"href":"https:\/\/magenarquitectos.com\/en\/wp-json\/wp\/v2\/posts\/11788\/revisions"}],"wp:attachment":[{"href":"https:\/\/magenarquitectos.com\/en\/wp-json\/wp\/v2\/media?parent=11788"}],"wp:term":[{"taxonomy":"category","embeddable":true,"href":"https:\/\/magenarquitectos.com\/en\/wp-json\/wp\/v2\/categories?post=11788"},{"taxonomy":"post_tag","embeddable":true,"href":"https:\/\/magenarquitectos.com\/en\/wp-json\/wp\/v2\/tags?post=11788"}],"curies":[{"name":"wp","href":"https:\/\/api.w.org\/{rel}","templated":true}]}}