{"id":11791,"date":"2009-11-20T10:52:04","date_gmt":"2009-11-20T10:52:04","guid":{"rendered":"http:\/\/magenarquitectos.wordpress.com\/2009\/11\/20\/articulo-de-heraldo-de-aragon-sobre-el-edificio-de-68-vpo-de-la-calle-biescas-en-zaragoza\/"},"modified":"2021-09-01T15:36:08","modified_gmt":"2021-09-01T15:36:08","slug":"articulo-de-heraldo-de-aragon-sobre-el-edificio-de-68-vpo-de-la-calle-biescas-en-zaragoza","status":"publish","type":"post","link":"https:\/\/magenarquitectos.com\/en\/articulo-de-heraldo-de-aragon-sobre-el-edificio-de-68-vpo-de-la-calle-biescas-en-zaragoza\/","title":{"rendered":"Art\u00edculo de Heraldo de Arag\u00f3n sobre el Edificio de 68 VPO de la calle Biescas en Zaragoza"},"content":{"rendered":"<p>&#8220;Outstanding Social Housing&#8221;, article in the newspaper &#8220;Heraldo de Arag\u00f3n&#8221; about the work 68 Social Housing at the urban edge by Mag\u00e9n Arquitectos.<\/p>\n<p>&#8220;Viviendas sociales con pedigr\u00ed&#8221;. S.C.- Las viviendas sociales de la calle Biescas, n\u00fameros 15-29, del zaragozano barrio de Torrero, se han convertido en unas VPO de cierto post\u00edn. Y no por su carest\u00eda, ya que se trata de unos pisos promovidos por la Sociedad Municipal de Zaragoza Vivienda, sino por su arquitectura, que lleva el sello del estudio zaragozano Mag\u00e9n, y no para de recibir reconocimientos.<\/p>\n<p>El \u00faltimo, finalista del premio europeo Ugo Rivolta de vivienda social, convocado por el Colegio de Arquitectos de Mil\u00e1n, que trata de poner en valor el dise\u00f1o y las soluciones constructivas aplicadas a este tipo de inmuebles. El proyecto de Jaime Mag\u00e9n es uno de los 24 finalistas que seleccion\u00f3 el jurado, de los que siete eran espa\u00f1oles. Por ello participar\u00e1 en una exposici\u00f3n que se celebra en Mil\u00e1n del 25 al 30 noviembre.<\/p>\n<p>http:\/\/www.heraldo.es\/noticias\/cultura\/viviendas_sociales_con_pedigri.html<\/p>\n","protected":false},"excerpt":{"rendered":"<p>&#8220;Outstanding Social Housing&#8221;, article in the newspaper &#8220;Heraldo de Arag\u00f3n&#8221; about the work 68 Social Housing at the urban edge by Mag\u00e9n Arquitectos. &#8220;Viviendas sociales con pedigr\u00ed&#8221;. S.C.- Las viviendas sociales de la calle Biescas, n\u00fameros 15-29, del zaragozano barrio de Torrero, se han convertido en unas VPO de cierto post\u00edn. Y no por su [&hellip;]<\/p>\n","protected":false},"author":1,"featured_media":0,"comment_status":"open","ping_status":"open","sticky":false,"template":"","format":"standard","meta":{"_monsterinsights_skip_tracking":false,"_monsterinsights_sitenote_active":false,"_monsterinsights_sitenote_note":"","_monsterinsights_sitenote_category":0},"categories":[90,95],"tags":[122,123,98,96,99,74],"_links":{"self":[{"href":"https:\/\/magenarquitectos.com\/en\/wp-json\/wp\/v2\/posts\/11791"}],"collection":[{"href":"https:\/\/magenarquitectos.com\/en\/wp-json\/wp\/v2\/posts"}],"about":[{"href":"https:\/\/magenarquitectos.com\/en\/wp-json\/wp\/v2\/types\/post"}],"author":[{"embeddable":true,"href":"https:\/\/magenarquitectos.com\/en\/wp-json\/wp\/v2\/users\/1"}],"replies":[{"embeddable":true,"href":"https:\/\/magenarquitectos.com\/en\/wp-json\/wp\/v2\/comments?post=11791"}],"version-history":[{"count":1,"href":"https:\/\/magenarquitectos.com\/en\/wp-json\/wp\/v2\/posts\/11791\/revisions"}],"predecessor-version":[{"id":14639,"href":"https:\/\/magenarquitectos.com\/en\/wp-json\/wp\/v2\/posts\/11791\/revisions\/14639"}],"wp:attachment":[{"href":"https:\/\/magenarquitectos.com\/en\/wp-json\/wp\/v2\/media?parent=11791"}],"wp:term":[{"taxonomy":"category","embeddable":true,"href":"https:\/\/magenarquitectos.com\/en\/wp-json\/wp\/v2\/categories?post=11791"},{"taxonomy":"post_tag","embeddable":true,"href":"https:\/\/magenarquitectos.com\/en\/wp-json\/wp\/v2\/tags?post=11791"}],"curies":[{"name":"wp","href":"https:\/\/api.w.org\/{rel}","templated":true}]}}