{"id":11792,"date":"2009-11-23T11:35:13","date_gmt":"2009-11-23T11:35:13","guid":{"rendered":"http:\/\/magenarquitectos.wordpress.com\/?p=882"},"modified":"2021-09-01T15:36:18","modified_gmt":"2021-09-01T15:36:18","slug":"articulo-de-el-periodico-de-aragon-sobre-el-edificio-de-68-vpo-de-la-calle-biescas-de-zaragoza","status":"publish","type":"post","link":"https:\/\/magenarquitectos.com\/en\/articulo-de-el-periodico-de-aragon-sobre-el-edificio-de-68-vpo-de-la-calle-biescas-de-zaragoza\/","title":{"rendered":"Art\u00edculo de El Peri\u00f3dico de Arag\u00f3n sobre el edificio de 68 VPO de la calle Biescas de Zaragoza"},"content":{"rendered":"<p>&#8220;Low cost reaches Social Housing&#8221;, article in the newspaper &#8220;El Peri\u00f3dico de Arag\u00f3n&#8221; about the work 68 Social Housing at the urban edge, by Mag\u00e9n Arquitectos.<\/p>\n<p>&#8220;El \u00b4low cost\u00b4 llega a la VPO&#8221;, M.Navarcorena.-<\/p>\n<p>Abanderado de la vivienda <em>low cost<\/em>. As\u00ed es como se presentar\u00e1 esta semana en una muestra en Mil\u00e1n el bloque de viviendas protegidas de la calle Biescas, en Torrero, del joven arquitecto Jaime Mag\u00e9n. Bajo coste, eficiencia bioclim\u00e1tica y calidad de la arquitectura es lo que prodiga este proyecto, que lleva acaparados hasta once reconocimientos arquitect\u00f3nicos. El \u00faltimo, haber quedado finalista del premio europeo Ugo Rivolta de vivienda social, convocado por el Colegio de Arquitectos de Mil\u00e1n.<\/p>\n<p>Se trata de una promoci\u00f3n de la Sociedad Municipal Zaragoza Vivienda construida en el 2006 junto al Stadium Venecia. Un edificio de 68 VPO de tres alturas m\u00e1s bajo, edificado en un solar muy longitudinal y con una gran pendiente que el arquitecto ha resuelto con tres grandes porches.<\/p>\n<p>http:\/\/www.elperiodicodearagon.com\/noticias\/noticia.asp?pkid=540604<\/p>\n","protected":false},"excerpt":{"rendered":"<p>&#8220;Low cost reaches Social Housing&#8221;, article in the newspaper &#8220;El Peri\u00f3dico de Arag\u00f3n&#8221; about the work 68 Social Housing at the urban edge, by Mag\u00e9n Arquitectos. &#8220;El \u00b4low cost\u00b4 llega a la VPO&#8221;, M.Navarcorena.- Abanderado de la vivienda low cost. As\u00ed es como se presentar\u00e1 esta semana en una muestra en Mil\u00e1n el bloque de [&hellip;]<\/p>\n","protected":false},"author":1,"featured_media":0,"comment_status":"open","ping_status":"open","sticky":false,"template":"","format":"standard","meta":{"_monsterinsights_skip_tracking":false,"_monsterinsights_sitenote_active":false,"_monsterinsights_sitenote_note":"","_monsterinsights_sitenote_category":0},"categories":[90,95],"tags":[123,98,96,99,74],"_links":{"self":[{"href":"https:\/\/magenarquitectos.com\/en\/wp-json\/wp\/v2\/posts\/11792"}],"collection":[{"href":"https:\/\/magenarquitectos.com\/en\/wp-json\/wp\/v2\/posts"}],"about":[{"href":"https:\/\/magenarquitectos.com\/en\/wp-json\/wp\/v2\/types\/post"}],"author":[{"embeddable":true,"href":"https:\/\/magenarquitectos.com\/en\/wp-json\/wp\/v2\/users\/1"}],"replies":[{"embeddable":true,"href":"https:\/\/magenarquitectos.com\/en\/wp-json\/wp\/v2\/comments?post=11792"}],"version-history":[{"count":1,"href":"https:\/\/magenarquitectos.com\/en\/wp-json\/wp\/v2\/posts\/11792\/revisions"}],"predecessor-version":[{"id":14640,"href":"https:\/\/magenarquitectos.com\/en\/wp-json\/wp\/v2\/posts\/11792\/revisions\/14640"}],"wp:attachment":[{"href":"https:\/\/magenarquitectos.com\/en\/wp-json\/wp\/v2\/media?parent=11792"}],"wp:term":[{"taxonomy":"category","embeddable":true,"href":"https:\/\/magenarquitectos.com\/en\/wp-json\/wp\/v2\/categories?post=11792"},{"taxonomy":"post_tag","embeddable":true,"href":"https:\/\/magenarquitectos.com\/en\/wp-json\/wp\/v2\/tags?post=11792"}],"curies":[{"name":"wp","href":"https:\/\/api.w.org\/{rel}","templated":true}]}}