{"id":11793,"date":"2009-11-26T20:28:54","date_gmt":"2009-11-26T20:28:54","guid":{"rendered":"http:\/\/magenarquitectos.wordpress.com\/?p=892"},"modified":"2021-09-01T15:36:25","modified_gmt":"2021-09-01T15:36:25","slug":"milan-exposicion-ugo-rivolta-european-architecture-award-2009","status":"publish","type":"post","link":"https:\/\/magenarquitectos.com\/en\/milan-exposicion-ugo-rivolta-european-architecture-award-2009\/","title":{"rendered":"Mil\u00e1n. Exposici\u00f3n &#8220;Ugo Rivolta European Architecture Award 2009&#8221;"},"content":{"rendered":"<p>La Exposici\u00f3n &#8220;Ugo Rivolta European Architecture Award 2009&#8221; recoge los trabajos finalistas de la Segunda Edici\u00f3n del Premio Europeo de Arquitectura Ugo Rivolta, que selecciona los mejores edificios realizados en Europa en los \u00faltimos cinco a\u00f1os en el campo de la vivienda social. La exposici\u00f3n incluye siete proyectos espa\u00f1oles, entre ellos, el Edificio de 68 viviedas VPO en la calle Biescas de Zaragoza<\/p>\n<p>La exposici\u00f3n puede visitarse\u00a0a partir del 25\u00a0de Noviembre en la Fondazione Triennale di Milano (viale Alemagna, 6).<\/p>\n<p>The exhibition &#8220;Ugo Rivolta European Architecture Award 2009&#8221;, dedicated to the best Social Housing buildings done in Europe in the last five years, is held in Fondazione Triennale de Milano ( viale Alemagna, 6) since 25th November.<\/p>\n","protected":false},"excerpt":{"rendered":"<p>La Exposici\u00f3n &#8220;Ugo Rivolta European Architecture Award 2009&#8221; recoge los trabajos finalistas de la Segunda Edici\u00f3n del Premio Europeo de Arquitectura Ugo Rivolta, que selecciona los mejores edificios realizados en Europa en los \u00faltimos cinco a\u00f1os en el campo de la vivienda social. La exposici\u00f3n incluye siete proyectos espa\u00f1oles, entre ellos, el Edificio de 68 [&hellip;]<\/p>\n","protected":false},"author":1,"featured_media":0,"comment_status":"open","ping_status":"open","sticky":false,"template":"","format":"standard","meta":{"_monsterinsights_skip_tracking":false,"_monsterinsights_sitenote_active":false,"_monsterinsights_sitenote_note":"","_monsterinsights_sitenote_category":0},"categories":[69,95],"tags":[62,68,145,70,98,96,99],"_links":{"self":[{"href":"https:\/\/magenarquitectos.com\/en\/wp-json\/wp\/v2\/posts\/11793"}],"collection":[{"href":"https:\/\/magenarquitectos.com\/en\/wp-json\/wp\/v2\/posts"}],"about":[{"href":"https:\/\/magenarquitectos.com\/en\/wp-json\/wp\/v2\/types\/post"}],"author":[{"embeddable":true,"href":"https:\/\/magenarquitectos.com\/en\/wp-json\/wp\/v2\/users\/1"}],"replies":[{"embeddable":true,"href":"https:\/\/magenarquitectos.com\/en\/wp-json\/wp\/v2\/comments?post=11793"}],"version-history":[{"count":1,"href":"https:\/\/magenarquitectos.com\/en\/wp-json\/wp\/v2\/posts\/11793\/revisions"}],"predecessor-version":[{"id":14641,"href":"https:\/\/magenarquitectos.com\/en\/wp-json\/wp\/v2\/posts\/11793\/revisions\/14641"}],"wp:attachment":[{"href":"https:\/\/magenarquitectos.com\/en\/wp-json\/wp\/v2\/media?parent=11793"}],"wp:term":[{"taxonomy":"category","embeddable":true,"href":"https:\/\/magenarquitectos.com\/en\/wp-json\/wp\/v2\/categories?post=11793"},{"taxonomy":"post_tag","embeddable":true,"href":"https:\/\/magenarquitectos.com\/en\/wp-json\/wp\/v2\/tags?post=11793"}],"curies":[{"name":"wp","href":"https:\/\/api.w.org\/{rel}","templated":true}]}}