{"id":11804,"date":"2010-01-11T09:02:09","date_gmt":"2010-01-11T09:02:09","guid":{"rendered":"http:\/\/magenarquitectos.wordpress.com\/?p=1073"},"modified":"2010-01-11T09:02:09","modified_gmt":"2010-01-11T09:02:09","slug":"video-construccion-de-44-viviendas-vpa-en-tauste-zaragoza","status":"publish","type":"post","link":"https:\/\/magenarquitectos.com\/en\/video-construccion-de-44-viviendas-vpa-en-tauste-zaragoza\/","title":{"rendered":"V\u00eddeo. Construcci\u00f3n de 44 viviendas VPA en Tauste (Zaragoza)"},"content":{"rendered":"<p>Montaje audiovisual de fotograf\u00edas de la obra.<\/p>\n<p>Audiovisual editing of the construction process.<\/p>\n<p>[youtube=http:\/\/www.youtube.com\/watch?v=GufDCp6mRvQ]<\/p>\n","protected":false},"excerpt":{"rendered":"<p>Montaje audiovisual de fotograf\u00edas de la obra. Audiovisual editing of the construction process. [youtube=http:\/\/www.youtube.com\/watch?v=GufDCp6mRvQ]<\/p>\n","protected":false},"author":1,"featured_media":0,"comment_status":"open","ping_status":"open","sticky":false,"template":"","format":"standard","meta":{"_monsterinsights_skip_tracking":false,"_monsterinsights_sitenote_active":false,"_monsterinsights_sitenote_note":"","_monsterinsights_sitenote_category":0},"categories":[97,146,95],"tags":[98,111,147,96,99],"_links":{"self":[{"href":"https:\/\/magenarquitectos.com\/en\/wp-json\/wp\/v2\/posts\/11804"}],"collection":[{"href":"https:\/\/magenarquitectos.com\/en\/wp-json\/wp\/v2\/posts"}],"about":[{"href":"https:\/\/magenarquitectos.com\/en\/wp-json\/wp\/v2\/types\/post"}],"author":[{"embeddable":true,"href":"https:\/\/magenarquitectos.com\/en\/wp-json\/wp\/v2\/users\/1"}],"replies":[{"embeddable":true,"href":"https:\/\/magenarquitectos.com\/en\/wp-json\/wp\/v2\/comments?post=11804"}],"version-history":[{"count":0,"href":"https:\/\/magenarquitectos.com\/en\/wp-json\/wp\/v2\/posts\/11804\/revisions"}],"wp:attachment":[{"href":"https:\/\/magenarquitectos.com\/en\/wp-json\/wp\/v2\/media?parent=11804"}],"wp:term":[{"taxonomy":"category","embeddable":true,"href":"https:\/\/magenarquitectos.com\/en\/wp-json\/wp\/v2\/categories?post=11804"},{"taxonomy":"post_tag","embeddable":true,"href":"https:\/\/magenarquitectos.com\/en\/wp-json\/wp\/v2\/tags?post=11804"}],"curies":[{"name":"wp","href":"https:\/\/api.w.org\/{rel}","templated":true}]}}