{"id":11805,"date":"2010-01-14T11:02:32","date_gmt":"2010-01-14T11:02:32","guid":{"rendered":"http:\/\/magenarquitectos.wordpress.com\/?p=1082"},"modified":"2010-01-14T11:02:32","modified_gmt":"2010-01-14T11:02:32","slug":"equipamientos-municipales-en-el-recinto-de-san-agustin-de-zaragoza","status":"publish","type":"post","link":"https:\/\/magenarquitectos.com\/en\/equipamientos-municipales-en-el-recinto-de-san-agustin-de-zaragoza\/","title":{"rendered":"Equipamientos Municipales en el Recinto de San Agust\u00edn de Zaragoza."},"content":{"rendered":"<p><img loading=\"lazy\" class=\"alignnone size-full wp-image-1092\" title=\"untitled3\" src=\"http:\/\/magenarquitectos.files.wordpress.com\/2010\/01\/untitled3.jpg\" alt=\"\" width=\"420\" height=\"299\"><\/p>\n<p>El Proyecto de Ejecuci\u00f3n de los Equipamientos Municipales en el Recinto del Antiguo Cuartel de San Agust\u00edn \u00a0ha sido entregado\u00a0al Ayuntamiento de Zaragoza. El Proyecto incluye el Centro Municipal de Rehabilitaci\u00f3n, Conservaci\u00f3n y Restauraci\u00f3n del Patrimonio Cultural, un Centro C\u00edvico y Sala Polivalente-Auditorio, la Reforma y Ampliaci\u00f3n del Albergue Municipal y la ordenaci\u00f3n de los accesos y espacios exteriores en el interior del recinto.<\/p>\n<p>Finished the executive project of the Cultural Buildings in old San Agustin Convent promoted by the Municipality of\u00a0 Zaragoza. The buildings are the Municipal Centre for Restoration and Preservation of Cultural Heritage, a Cultural Centre and Multipurpose Hall-Auditorium, Restoration and new annex to the Municipal Shelter and the inner public areas.<\/p>\n","protected":false},"excerpt":{"rendered":"<p>El Proyecto de Ejecuci\u00f3n de los Equipamientos Municipales en el Recinto del Antiguo Cuartel de San Agust\u00edn \u00a0ha sido entregado\u00a0al Ayuntamiento de Zaragoza. El Proyecto incluye el Centro Municipal de Rehabilitaci\u00f3n, Conservaci\u00f3n y Restauraci\u00f3n del Patrimonio Cultural, un Centro C\u00edvico y Sala Polivalente-Auditorio, la Reforma y Ampliaci\u00f3n del Albergue Municipal y la ordenaci\u00f3n de los [&hellip;]<\/p>\n","protected":false},"author":1,"featured_media":0,"comment_status":"open","ping_status":"open","sticky":false,"template":"","format":"standard","meta":{"_monsterinsights_skip_tracking":false,"_monsterinsights_sitenote_active":false,"_monsterinsights_sitenote_note":"","_monsterinsights_sitenote_category":0},"categories":[77,65,66,92],"tags":[106,107,108,109,80,93,94,110,74],"_links":{"self":[{"href":"https:\/\/magenarquitectos.com\/en\/wp-json\/wp\/v2\/posts\/11805"}],"collection":[{"href":"https:\/\/magenarquitectos.com\/en\/wp-json\/wp\/v2\/posts"}],"about":[{"href":"https:\/\/magenarquitectos.com\/en\/wp-json\/wp\/v2\/types\/post"}],"author":[{"embeddable":true,"href":"https:\/\/magenarquitectos.com\/en\/wp-json\/wp\/v2\/users\/1"}],"replies":[{"embeddable":true,"href":"https:\/\/magenarquitectos.com\/en\/wp-json\/wp\/v2\/comments?post=11805"}],"version-history":[{"count":0,"href":"https:\/\/magenarquitectos.com\/en\/wp-json\/wp\/v2\/posts\/11805\/revisions"}],"wp:attachment":[{"href":"https:\/\/magenarquitectos.com\/en\/wp-json\/wp\/v2\/media?parent=11805"}],"wp:term":[{"taxonomy":"category","embeddable":true,"href":"https:\/\/magenarquitectos.com\/en\/wp-json\/wp\/v2\/categories?post=11805"},{"taxonomy":"post_tag","embeddable":true,"href":"https:\/\/magenarquitectos.com\/en\/wp-json\/wp\/v2\/tags?post=11805"}],"curies":[{"name":"wp","href":"https:\/\/api.w.org\/{rel}","templated":true}]}}