{"id":11814,"date":"2010-03-22T10:57:18","date_gmt":"2010-03-22T10:57:18","guid":{"rendered":"http:\/\/magenarquitectos.wordpress.com\/?p=1190"},"modified":"2010-03-22T10:57:18","modified_gmt":"2010-03-22T10:57:18","slug":"en-construccion-rehabilitacion-de-la-casa-julve-para-escuela-de-musica-alcaniz-teruel-2","status":"publish","type":"post","link":"https:\/\/magenarquitectos.com\/en\/en-construccion-rehabilitacion-de-la-casa-julve-para-escuela-de-musica-alcaniz-teruel-2\/","title":{"rendered":"En construcci\u00f3n \/ Work in progress"},"content":{"rendered":"<p>Rehabilitaci\u00f3n de la Casa Julve para Escuela de M\u00fasica. Alca\u00f1iz (Teruel)<\/p>\n<p><img loading=\"lazy\" class=\"alignleft size-full wp-image-1200\" title=\"DSC08300_2\" src=\"http:\/\/magenarquitectos.files.wordpress.com\/2010\/03\/dsc08300_22.jpg\" alt=\"\" width=\"378\" height=\"284\"><\/p>\n","protected":false},"excerpt":{"rendered":"<p>Rehabilitaci\u00f3n de la Casa Julve para Escuela de M\u00fasica. Alca\u00f1iz (Teruel)<\/p>\n","protected":false},"author":1,"featured_media":0,"comment_status":"open","ping_status":"open","sticky":false,"template":"","format":"standard","meta":{"_monsterinsights_skip_tracking":false,"_monsterinsights_sitenote_active":false,"_monsterinsights_sitenote_note":"","_monsterinsights_sitenote_category":0},"categories":[97,66,139,92],"tags":[133,134,80,93,94],"_links":{"self":[{"href":"https:\/\/magenarquitectos.com\/en\/wp-json\/wp\/v2\/posts\/11814"}],"collection":[{"href":"https:\/\/magenarquitectos.com\/en\/wp-json\/wp\/v2\/posts"}],"about":[{"href":"https:\/\/magenarquitectos.com\/en\/wp-json\/wp\/v2\/types\/post"}],"author":[{"embeddable":true,"href":"https:\/\/magenarquitectos.com\/en\/wp-json\/wp\/v2\/users\/1"}],"replies":[{"embeddable":true,"href":"https:\/\/magenarquitectos.com\/en\/wp-json\/wp\/v2\/comments?post=11814"}],"version-history":[{"count":0,"href":"https:\/\/magenarquitectos.com\/en\/wp-json\/wp\/v2\/posts\/11814\/revisions"}],"wp:attachment":[{"href":"https:\/\/magenarquitectos.com\/en\/wp-json\/wp\/v2\/media?parent=11814"}],"wp:term":[{"taxonomy":"category","embeddable":true,"href":"https:\/\/magenarquitectos.com\/en\/wp-json\/wp\/v2\/categories?post=11814"},{"taxonomy":"post_tag","embeddable":true,"href":"https:\/\/magenarquitectos.com\/en\/wp-json\/wp\/v2\/tags?post=11814"}],"curies":[{"name":"wp","href":"https:\/\/api.w.org\/{rel}","templated":true}]}}