{"id":11815,"date":"2010-03-29T08:31:24","date_gmt":"2010-03-29T08:31:24","guid":{"rendered":"http:\/\/magenarquitectos.wordpress.com\/?p=1287"},"modified":"2010-03-29T08:31:24","modified_gmt":"2010-03-29T08:31:24","slug":"zaragoza-1908-2008-arquitectura-y-urbanismo","status":"publish","type":"post","link":"https:\/\/magenarquitectos.com\/en\/zaragoza-1908-2008-arquitectura-y-urbanismo\/","title":{"rendered":"&#8220;Zaragoza 1908-2008. Arquitectura y Urbanismo&#8221;."},"content":{"rendered":"<p>El colegio oficial de Arquitectos de Arag\u00f3n ha publicado un volumen de 504 p\u00e1ginas,\u00a0 &#8220;Zaragoza 1908-2008. Arquitectura y Urbanismo &#8220;, en el que se recoge la historia del urbanismo y arquitectura de la ciudad entre los a\u00f1os 1908 y 2008, en el que\u00a0 se explican las claves y par\u00e1metros de las diferentes etapas que ha vivido esta capital.<\/p>\n<p>Entre las obras del per\u00edodo 1985-2008 se encuentra el edificio de 68 viviendas VPO en la calle Biescas,\u00a0cuyas claves\u00a0analiza Miguel Angel Alonso del Val, en el art\u00edculo introductorio &#8220;Cambio de siglo&#8221; sobre la arquitectura de Zaragoza en los \u00faltimos veinte a\u00f1os, en los siguientes t\u00e9rminos:<\/p>\n<p>&#8220;(&#8230;) En este mismo grupo de preocupaciones han de enclavarse las premiadas viviendas protegidas realizadas por Jaime Mag\u00e9n en la calle Biescas (2006) donde muestra una gran habilidad en el tratamiento del plano de relaci\u00f3n del edificio con el suelo que ancla la pieza a un lugar perimetral de la ciudad para construir un frente cerrado que ayuda a definir visualmente dicho l\u00edmite, por un lado, y otro frente abierto de celos\u00edas cuyo perfil quebrado ayuda a difuminarlo en un juego de sombras que abre el espacio interior a la contemplaci\u00f3n del territorio. Al mismo tiempo, la clara ordenaci\u00f3n de las unidades residenciales permite crear un sentido de la transparencia que aprovecha una doble orientaci\u00f3n tan marcada.&#8221;<\/p>\n<p>Aragon Institute of Architects publishes a 504-paged book, &#8220;Zaragoza 1908-2008. Architecture and Urbanism&#8221; about the architectonical evolution of Zaragoza from 1908 to 2008.<\/p>\n<p>One of the projects selected is 68 Social Housing at the urban edge, by Mag\u00e9n Arquitectos, in the period 1985-2008.<\/p>\n<p><img loading=\"lazy\" class=\"alignleft size-full wp-image-1292\" title=\"libro_coaa\" src=\"http:\/\/magenarquitectos.files.wordpress.com\/2010\/03\/libro_coaa1.jpg\" alt=\"\" width=\"420\" height=\"420\"><\/p>\n","protected":false},"excerpt":{"rendered":"<p>El colegio oficial de Arquitectos de Arag\u00f3n ha publicado un volumen de 504 p\u00e1ginas,\u00a0 &#8220;Zaragoza 1908-2008. Arquitectura y Urbanismo &#8220;, en el que se recoge la historia del urbanismo y arquitectura de la ciudad entre los a\u00f1os 1908 y 2008, en el que\u00a0 se explican las claves y par\u00e1metros de las diferentes etapas que ha [&hellip;]<\/p>\n","protected":false},"author":1,"featured_media":0,"comment_status":"open","ping_status":"open","sticky":false,"template":"","format":"standard","meta":{"_monsterinsights_skip_tracking":false,"_monsterinsights_sitenote_active":false,"_monsterinsights_sitenote_note":"","_monsterinsights_sitenote_category":0},"categories":[90,95],"tags":[119,68,98,96,99,74],"_links":{"self":[{"href":"https:\/\/magenarquitectos.com\/en\/wp-json\/wp\/v2\/posts\/11815"}],"collection":[{"href":"https:\/\/magenarquitectos.com\/en\/wp-json\/wp\/v2\/posts"}],"about":[{"href":"https:\/\/magenarquitectos.com\/en\/wp-json\/wp\/v2\/types\/post"}],"author":[{"embeddable":true,"href":"https:\/\/magenarquitectos.com\/en\/wp-json\/wp\/v2\/users\/1"}],"replies":[{"embeddable":true,"href":"https:\/\/magenarquitectos.com\/en\/wp-json\/wp\/v2\/comments?post=11815"}],"version-history":[{"count":0,"href":"https:\/\/magenarquitectos.com\/en\/wp-json\/wp\/v2\/posts\/11815\/revisions"}],"wp:attachment":[{"href":"https:\/\/magenarquitectos.com\/en\/wp-json\/wp\/v2\/media?parent=11815"}],"wp:term":[{"taxonomy":"category","embeddable":true,"href":"https:\/\/magenarquitectos.com\/en\/wp-json\/wp\/v2\/categories?post=11815"},{"taxonomy":"post_tag","embeddable":true,"href":"https:\/\/magenarquitectos.com\/en\/wp-json\/wp\/v2\/tags?post=11815"}],"curies":[{"name":"wp","href":"https:\/\/api.w.org\/{rel}","templated":true}]}}