{"id":11819,"date":"2010-05-07T10:18:26","date_gmt":"2010-05-07T10:18:26","guid":{"rendered":"http:\/\/magenarquitectos.wordpress.com\/?p=1332"},"modified":"2010-05-07T10:18:26","modified_gmt":"2010-05-07T10:18:26","slug":"comienzan-las-obras-de-construccion-del-ayuntamiento-de-escatron-zaragoza","status":"publish","type":"post","link":"https:\/\/magenarquitectos.com\/en\/comienzan-las-obras-de-construccion-del-ayuntamiento-de-escatron-zaragoza\/","title":{"rendered":"Comienzan las obras de construcci\u00f3n del Ayuntamiento de Escatr\u00f3n. Zaragoza"},"content":{"rendered":"<p>Construction works begins on the Town Hall in Escatr\u00f3n. Zaragoza.<\/p>\n<p style=\"text-align:center;\"><img loading=\"lazy\" class=\"aligncenter size-full wp-image-1333\" title=\"DSC08946\" src=\"http:\/\/magenarquitectos.files.wordpress.com\/2010\/05\/dsc08946.jpg\" alt=\"\" width=\"336\" height=\"252\"><\/p>\n","protected":false},"excerpt":{"rendered":"<p>Construction works begins on the Town Hall in Escatr\u00f3n. Zaragoza.<\/p>\n","protected":false},"author":1,"featured_media":0,"comment_status":"open","ping_status":"open","sticky":false,"template":"","format":"standard","meta":{"_monsterinsights_skip_tracking":false,"_monsterinsights_sitenote_active":false,"_monsterinsights_sitenote_note":"","_monsterinsights_sitenote_category":0},"categories":[77,97,65],"tags":[100,127,128],"_links":{"self":[{"href":"https:\/\/magenarquitectos.com\/en\/wp-json\/wp\/v2\/posts\/11819"}],"collection":[{"href":"https:\/\/magenarquitectos.com\/en\/wp-json\/wp\/v2\/posts"}],"about":[{"href":"https:\/\/magenarquitectos.com\/en\/wp-json\/wp\/v2\/types\/post"}],"author":[{"embeddable":true,"href":"https:\/\/magenarquitectos.com\/en\/wp-json\/wp\/v2\/users\/1"}],"replies":[{"embeddable":true,"href":"https:\/\/magenarquitectos.com\/en\/wp-json\/wp\/v2\/comments?post=11819"}],"version-history":[{"count":0,"href":"https:\/\/magenarquitectos.com\/en\/wp-json\/wp\/v2\/posts\/11819\/revisions"}],"wp:attachment":[{"href":"https:\/\/magenarquitectos.com\/en\/wp-json\/wp\/v2\/media?parent=11819"}],"wp:term":[{"taxonomy":"category","embeddable":true,"href":"https:\/\/magenarquitectos.com\/en\/wp-json\/wp\/v2\/categories?post=11819"},{"taxonomy":"post_tag","embeddable":true,"href":"https:\/\/magenarquitectos.com\/en\/wp-json\/wp\/v2\/tags?post=11819"}],"curies":[{"name":"wp","href":"https:\/\/api.w.org\/{rel}","templated":true}]}}