{"id":11822,"date":"2010-05-17T11:42:53","date_gmt":"2010-05-17T11:42:53","guid":{"rendered":"http:\/\/magenarquitectos.wordpress.com\/?p=1354"},"modified":"2010-05-17T11:42:53","modified_gmt":"2010-05-17T11:42:53","slug":"el-centro-de-educacion-infantil-rosales-del-canal-en-via-construccion","status":"publish","type":"post","link":"https:\/\/magenarquitectos.com\/en\/el-centro-de-educacion-infantil-rosales-del-canal-en-via-construccion\/","title":{"rendered":"El Centro de Educacion Infantil Rosales del Canal publicado en V\u00eda Construcci\u00f3n"},"content":{"rendered":"<p>El Centro de Educaci\u00f3n Infantil Rosales del Canal,\u00a0 publicado en la revista V\u00eda Construcci\u00f3n, en el n\u00ba 80.<\/p>\n<p>Architectural publication &#8220;V\u00eda Construcci\u00f3n&#8221;\u00a0 features the Kindergarten Rosales del Canal\u00a0 in its n\u00ba 80 issue.<\/p>\n<p style=\"text-align:center;\"><img loading=\"lazy\" class=\"aligncenter size-full wp-image-1356\" title=\"44 copia\" src=\"http:\/\/magenarquitectos.files.wordpress.com\/2010\/05\/44-copia.jpg\" alt=\"\" width=\"378\" height=\"536\"><\/p>\n","protected":false},"excerpt":{"rendered":"<p>El Centro de Educaci\u00f3n Infantil Rosales del Canal,\u00a0 publicado en la revista V\u00eda Construcci\u00f3n, en el n\u00ba 80. Architectural publication &#8220;V\u00eda Construcci\u00f3n&#8221;\u00a0 features the Kindergarten Rosales del Canal\u00a0 in its n\u00ba 80 issue.<\/p>\n","protected":false},"author":1,"featured_media":0,"comment_status":"open","ping_status":"open","sticky":false,"template":"","format":"standard","meta":{"_monsterinsights_skip_tracking":false,"_monsterinsights_sitenote_active":false,"_monsterinsights_sitenote_note":"","_monsterinsights_sitenote_category":0},"categories":[65,139,90],"tags":[134,80,140,87,141,142,89,143,74],"_links":{"self":[{"href":"https:\/\/magenarquitectos.com\/en\/wp-json\/wp\/v2\/posts\/11822"}],"collection":[{"href":"https:\/\/magenarquitectos.com\/en\/wp-json\/wp\/v2\/posts"}],"about":[{"href":"https:\/\/magenarquitectos.com\/en\/wp-json\/wp\/v2\/types\/post"}],"author":[{"embeddable":true,"href":"https:\/\/magenarquitectos.com\/en\/wp-json\/wp\/v2\/users\/1"}],"replies":[{"embeddable":true,"href":"https:\/\/magenarquitectos.com\/en\/wp-json\/wp\/v2\/comments?post=11822"}],"version-history":[{"count":0,"href":"https:\/\/magenarquitectos.com\/en\/wp-json\/wp\/v2\/posts\/11822\/revisions"}],"wp:attachment":[{"href":"https:\/\/magenarquitectos.com\/en\/wp-json\/wp\/v2\/media?parent=11822"}],"wp:term":[{"taxonomy":"category","embeddable":true,"href":"https:\/\/magenarquitectos.com\/en\/wp-json\/wp\/v2\/categories?post=11822"},{"taxonomy":"post_tag","embeddable":true,"href":"https:\/\/magenarquitectos.com\/en\/wp-json\/wp\/v2\/tags?post=11822"}],"curies":[{"name":"wp","href":"https:\/\/api.w.org\/{rel}","templated":true}]}}