{"id":11825,"date":"2010-05-31T09:01:56","date_gmt":"2010-05-31T09:01:56","guid":{"rendered":"http:\/\/magenarquitectos.wordpress.com\/?p=1388"},"modified":"2010-05-31T09:01:56","modified_gmt":"2010-05-31T09:01:56","slug":"fuerza-interior-articulo-de-anatxu-zabalbeascoa-sobre-el-presente-de-la-arquitectura-espanola-en-arquitectura-y-diseno-n%c2%ba-114","status":"publish","type":"post","link":"https:\/\/magenarquitectos.com\/en\/fuerza-interior-articulo-de-anatxu-zabalbeascoa-sobre-el-presente-de-la-arquitectura-espanola-en-arquitectura-y-diseno-n%c2%ba-114\/","title":{"rendered":"&#8220;Fuerza Interior&#8221;: art\u00edculo de Anatxu Zabalbeascoa sobre el presente de la Arquitectura Espa\u00f1ola, en Arquitectura y Dise\u00f1o n\u00ba 114."},"content":{"rendered":"<p>&#8220;Fuerza Interior. Por Anatxu Zabalbeascoa<br \/>\nEn Espa\u00f1a, la crisis del ladrillo no significa necesariamente crisis de ideas. Muchos proyectistas se han puesto a pensar. El resultado habla de la recuperaci\u00f3n de tradiciones constructivas, de un regreso del ingenio povera y de una sostenibilidad m\u00e1s racional que industrial. Seis edificios sirven de ejemplos de ese nuevo presente. Calidad y Talento que procuran confianza y que despejan la sombra de la inquietud con sabidur\u00eda.<br \/>\n-Sede del grupo Azahar (Castell\u00f3n). Carlos Ferrater, Nuria Ayala<br \/>\n-Sede de Medio Ambiente (Zaragoza). Mag\u00e9n Arquitectos<br \/>\n-Centro para deportistas (C\u00e1ceres). Jose M\u00aa S\u00e1nchez Garc\u00eda<br \/>\n-Vivienda Unifamiliar (S. Vicente, Alicante). Alfredo Pay\u00e1<br \/>\n-Edificio Media-TIC (Barcelona) Enric Ruiz-Geli<br \/>\n-Lonja de L\u00e9rida. Mecanoo y Estudio Laab&#8221;<\/p>\n<p>Spanish Architectural publication &#8220;Arquitectura y Dise\u00f1o&#8221;\u00a0 features the Environmental Unit Headquarters\u00a0 in its June 2010 issue.<\/p>\n<p><img loading=\"lazy\" class=\"aligncenter size-full wp-image-1392\" title=\"ArqyDis\" src=\"http:\/\/magenarquitectos.files.wordpress.com\/2010\/05\/arqydis.jpg\" alt=\"\" width=\"420\" height=\"587\"><\/p>\n","protected":false},"excerpt":{"rendered":"<p>&#8220;Fuerza Interior. Por Anatxu Zabalbeascoa En Espa\u00f1a, la crisis del ladrillo no significa necesariamente crisis de ideas. Muchos proyectistas se han puesto a pensar. El resultado habla de la recuperaci\u00f3n de tradiciones constructivas, de un regreso del ingenio povera y de una sostenibilidad m\u00e1s racional que industrial. Seis edificios sirven de ejemplos de ese nuevo [&hellip;]<\/p>\n","protected":false},"author":1,"featured_media":0,"comment_status":"open","ping_status":"open","sticky":false,"template":"","format":"standard","meta":{"_monsterinsights_skip_tracking":false,"_monsterinsights_sitenote_active":false,"_monsterinsights_sitenote_note":"","_monsterinsights_sitenote_category":0},"categories":[76,77,78,65,132,90],"tags":[79,80,87,89,81,82,83,74],"_links":{"self":[{"href":"https:\/\/magenarquitectos.com\/en\/wp-json\/wp\/v2\/posts\/11825"}],"collection":[{"href":"https:\/\/magenarquitectos.com\/en\/wp-json\/wp\/v2\/posts"}],"about":[{"href":"https:\/\/magenarquitectos.com\/en\/wp-json\/wp\/v2\/types\/post"}],"author":[{"embeddable":true,"href":"https:\/\/magenarquitectos.com\/en\/wp-json\/wp\/v2\/users\/1"}],"replies":[{"embeddable":true,"href":"https:\/\/magenarquitectos.com\/en\/wp-json\/wp\/v2\/comments?post=11825"}],"version-history":[{"count":0,"href":"https:\/\/magenarquitectos.com\/en\/wp-json\/wp\/v2\/posts\/11825\/revisions"}],"wp:attachment":[{"href":"https:\/\/magenarquitectos.com\/en\/wp-json\/wp\/v2\/media?parent=11825"}],"wp:term":[{"taxonomy":"category","embeddable":true,"href":"https:\/\/magenarquitectos.com\/en\/wp-json\/wp\/v2\/categories?post=11825"},{"taxonomy":"post_tag","embeddable":true,"href":"https:\/\/magenarquitectos.com\/en\/wp-json\/wp\/v2\/tags?post=11825"}],"curies":[{"name":"wp","href":"https:\/\/api.w.org\/{rel}","templated":true}]}}