{"id":11826,"date":"2010-06-15T14:14:51","date_gmt":"2010-06-15T14:14:51","guid":{"rendered":"http:\/\/magenarquitectos.wordpress.com\/?p=1408"},"modified":"2021-06-17T10:26:11","modified_gmt":"2021-06-17T10:26:11","slug":"concurso-internacional-de-ideas-para-la-rehabilitacion-del-teatro-fleta-de-zaragoza-2%c2%ba-premio","status":"publish","type":"post","link":"https:\/\/magenarquitectos.com\/en\/concurso-internacional-de-ideas-para-la-rehabilitacion-del-teatro-fleta-de-zaragoza-2%c2%ba-premio\/","title":{"rendered":"Concurso Internacional de Ideas para la Rehabilitaci\u00f3n del Teatro Fleta de Zaragoza. Segundo Premio."},"content":{"rendered":"<p>La propuesta presentada por Mag\u00e9n Arquitectos bajo el lema &#8220;Engawa&#8221; ha obtenido el Segundo Premio en el Concurso Internacional de Ideas para la Rehabilitaci\u00f3n y Ampliaci\u00f3n del Teatro Fleta de Zaragoza, convocado el Gobierno de Arag\u00f3n.<\/p>\n<p>Proposal &#8220;Engawa&#8221;, by Mag\u00e9n Arquitectos, received Second Prize in the International Ideas Competition for the New Theatre Fleta, organized by Government of Aragon.<\/p>\n<p><img loading=\"lazy\" class=\"aligncenter size-full wp-image-1422\" title=\"a0000\" alt=\"\" src=\"http:\/\/magenarquitectos.files.wordpress.com\/2010\/06\/a0000.jpg\" height=\"363\" width=\"420\"><\/p>\n","protected":false},"excerpt":{"rendered":"<p>La propuesta presentada por Mag\u00e9n Arquitectos bajo el lema &#8220;Engawa&#8221; ha obtenido el Segundo Premio en el Concurso Internacional de Ideas para la Rehabilitaci\u00f3n y Ampliaci\u00f3n del Teatro Fleta de Zaragoza, convocado el Gobierno de Arag\u00f3n. Proposal &#8220;Engawa&#8221;, by Mag\u00e9n Arquitectos, received Second Prize in the International Ideas Competition for the New Theatre Fleta, organized [&hellip;]<\/p>\n","protected":false},"author":1,"featured_media":0,"comment_status":"open","ping_status":"open","sticky":false,"template":"","format":"standard","meta":{"_monsterinsights_skip_tracking":false,"_monsterinsights_sitenote_active":false,"_monsterinsights_sitenote_note":"","_monsterinsights_sitenote_category":0},"categories":[75,66,113],"tags":[106,62,158,70,74],"_links":{"self":[{"href":"https:\/\/magenarquitectos.com\/en\/wp-json\/wp\/v2\/posts\/11826"}],"collection":[{"href":"https:\/\/magenarquitectos.com\/en\/wp-json\/wp\/v2\/posts"}],"about":[{"href":"https:\/\/magenarquitectos.com\/en\/wp-json\/wp\/v2\/types\/post"}],"author":[{"embeddable":true,"href":"https:\/\/magenarquitectos.com\/en\/wp-json\/wp\/v2\/users\/1"}],"replies":[{"embeddable":true,"href":"https:\/\/magenarquitectos.com\/en\/wp-json\/wp\/v2\/comments?post=11826"}],"version-history":[{"count":1,"href":"https:\/\/magenarquitectos.com\/en\/wp-json\/wp\/v2\/posts\/11826\/revisions"}],"predecessor-version":[{"id":13905,"href":"https:\/\/magenarquitectos.com\/en\/wp-json\/wp\/v2\/posts\/11826\/revisions\/13905"}],"wp:attachment":[{"href":"https:\/\/magenarquitectos.com\/en\/wp-json\/wp\/v2\/media?parent=11826"}],"wp:term":[{"taxonomy":"category","embeddable":true,"href":"https:\/\/magenarquitectos.com\/en\/wp-json\/wp\/v2\/categories?post=11826"},{"taxonomy":"post_tag","embeddable":true,"href":"https:\/\/magenarquitectos.com\/en\/wp-json\/wp\/v2\/tags?post=11826"}],"curies":[{"name":"wp","href":"https:\/\/api.w.org\/{rel}","templated":true}]}}