{"id":11827,"date":"2010-06-24T10:27:17","date_gmt":"2010-06-24T10:27:17","guid":{"rendered":"http:\/\/magenarquitectos.wordpress.com\/?p=1425"},"modified":"2021-06-17T10:18:32","modified_gmt":"2021-06-17T10:18:32","slug":"campus-ultzama-2010-arquitectura-y-sociedad","status":"publish","type":"post","link":"https:\/\/magenarquitectos.com\/en\/campus-ultzama-2010-arquitectura-y-sociedad\/","title":{"rendered":"Campus Ultzama 2010 Arquitectura y Sociedad"},"content":{"rendered":"<p><img loading=\"lazy\" class=\"aligncenter size-full wp-image-1428\" title=\"Portada _ Fundaci\u00f3n Arquite.\" src=\"http:\/\/magenarquitectos.files.wordpress.com\/2010\/06\/portada-_-fundacion-arquite1.jpg\" alt=\"\" width=\"420\" height=\"98\"><\/p>\n<p>Jaime Mag\u00e9n participar\u00e1 en el Campus Ultzama 2010: + Posiciones pr\u00f3ximas, organizado por la Fundaci\u00f3n Arquitectura y Sociedad y dirigido por F\u00e9lix Arranz, que tendr\u00e1 lugar del 25 al 27 de junio en el Centro H\u00edpico de Alto Rendimiento Ultzama.<\/p>\n<p>El campus, en su segunda convocatoria, prev\u00e9 la convivencia e intercambio intelectual de agentes comprometidos social y profesionalmente con la arquitectura espa\u00f1ola.<\/p>\n<p>Simult\u00e1neamente, el Campus promueve el conocimiento, documentaci\u00f3n, teor\u00eda y reflexi\u00f3n sobre los posicionamientos, trabajos y propuestas arquitect\u00f3nicas recientes de estudios profesionales espa\u00f1oles de la llamada generaci\u00f3n &#8216;pr\u00f3xima&#8217;, as\u00ed como las miradas sobre la arquitectura de personas socialmente significadas que nutren el encuentro mediante la aportaci\u00f3n de experiencias genuinas y de influencia en la realidad.<\/p>\n<p>M\u00e1s informaci\u00f3n: <a href=\"http:\/\/www.arquitecturaysociedad.com\" rel=\"nofollow noopener\" target=\"_blank\">www.arquitecturaysociedad.com<\/a><\/p>\n<p>Jaime Mag\u00e9n will take part in Campus Ultzama 2010: + Posiciones pr\u00f3ximas, organized by Architecture and Society Foundation and directed by F\u00e9lix Arranz. It will last from 25th to27th June\u00a0 in Ultzama professional equestrian centre.<\/p>\n","protected":false},"excerpt":{"rendered":"<p>Jaime Mag\u00e9n participar\u00e1 en el Campus Ultzama 2010: + Posiciones pr\u00f3ximas, organizado por la Fundaci\u00f3n Arquitectura y Sociedad y dirigido por F\u00e9lix Arranz, que tendr\u00e1 lugar del 25 al 27 de junio en el Centro H\u00edpico de Alto Rendimiento Ultzama. El campus, en su segunda convocatoria, prev\u00e9 la convivencia e intercambio intelectual de agentes comprometidos [&hellip;]<\/p>\n","protected":false},"author":1,"featured_media":0,"comment_status":"open","ping_status":"open","sticky":false,"template":"","format":"standard","meta":{"_monsterinsights_skip_tracking":false,"_monsterinsights_sitenote_active":false,"_monsterinsights_sitenote_note":"","_monsterinsights_sitenote_category":0},"categories":[130,131],"tags":[129,87,159],"_links":{"self":[{"href":"https:\/\/magenarquitectos.com\/en\/wp-json\/wp\/v2\/posts\/11827"}],"collection":[{"href":"https:\/\/magenarquitectos.com\/en\/wp-json\/wp\/v2\/posts"}],"about":[{"href":"https:\/\/magenarquitectos.com\/en\/wp-json\/wp\/v2\/types\/post"}],"author":[{"embeddable":true,"href":"https:\/\/magenarquitectos.com\/en\/wp-json\/wp\/v2\/users\/1"}],"replies":[{"embeddable":true,"href":"https:\/\/magenarquitectos.com\/en\/wp-json\/wp\/v2\/comments?post=11827"}],"version-history":[{"count":1,"href":"https:\/\/magenarquitectos.com\/en\/wp-json\/wp\/v2\/posts\/11827\/revisions"}],"predecessor-version":[{"id":13898,"href":"https:\/\/magenarquitectos.com\/en\/wp-json\/wp\/v2\/posts\/11827\/revisions\/13898"}],"wp:attachment":[{"href":"https:\/\/magenarquitectos.com\/en\/wp-json\/wp\/v2\/media?parent=11827"}],"wp:term":[{"taxonomy":"category","embeddable":true,"href":"https:\/\/magenarquitectos.com\/en\/wp-json\/wp\/v2\/categories?post=11827"},{"taxonomy":"post_tag","embeddable":true,"href":"https:\/\/magenarquitectos.com\/en\/wp-json\/wp\/v2\/tags?post=11827"}],"curies":[{"name":"wp","href":"https:\/\/api.w.org\/{rel}","templated":true}]}}