{"id":11830,"date":"2010-07-05T15:11:49","date_gmt":"2010-07-05T15:11:49","guid":{"rendered":"http:\/\/magenarquitectos.wordpress.com\/?p=1450"},"modified":"2021-06-17T10:18:31","modified_gmt":"2021-06-17T10:18:31","slug":"6%c2%ba-premio-europeo-bienal-de-paisaje-rosa-barba-seleccionado","status":"publish","type":"post","link":"https:\/\/magenarquitectos.com\/en\/6%c2%ba-premio-europeo-bienal-de-paisaje-rosa-barba-seleccionado\/","title":{"rendered":"6\u00ba Premio Europeo Bienal de Paisaje Rosa Barba. Seleccionado"},"content":{"rendered":"<p><img loading=\"lazy\" class=\"aligncenter size-full wp-image-1451\" title=\"bienal\" src=\"http:\/\/magenarquitectos.files.wordpress.com\/2010\/07\/bienal.gif\" alt=\"\" width=\"420\" height=\"276\"><\/p>\n<p>El Edificio del Servicio de\u00a0Medio Ambiente de Zaragoza\u00a0y la Urbanizaci\u00f3n de su Entorno ha sido Seleccionado en el 6\u00ba Premio Europeo de Paisaje Rosa Barb\u00e1 y formar\u00e1 parte de la exposici\u00f3n que tendr\u00e1 lugar en Barcelona en el Colegio Oficial de Arquitectos de Catalu\u00f1a del 29 de Septiembre al 26 de Octubre, con motivo de la 6\u00aa Bienal Europea del Paisaje.<\/p>\n<p>Environmental Unit Headquarters and Public Spaces on the riverbanks of river Ebro, by Mag\u00e9n Arquitectos, selected in the 6th European Landscape Award Rosa Barb\u00e1, will take part in the Exhibition to be held in Barcelona in Catalonian Institute of Architects from 29th September to 26th October during the 6th European Biennial of Landscape<\/p>\n<p>M\u00e1s informaci\u00f3n: <a href=\"http:\/\/www.coac.net\/landscape\/\" rel=\"nofollow noopener\" target=\"_blank\">http:\/\/www.coac.net\/landscape\/<\/a><\/p>\n<blockquote><p><em> &#8220;<span style=\"font-size:x-small;\">En el marco de la VI Bienal Europea de Paisaje que se celebrar\u00e1 los d\u00edas 30 de septiembre, 1 y 2 de octubre de 2010 en Barcelona bajo el lema &#8220;Paisajes L\u00edquidos&#8221;, se convoca el <\/span><span style=\"font-family:Arial,Arial;font-size:x-small;\"><span style=\"font-family:Arial,Arial;font-size:x-small;\">6\u00ba Premio Europeo de Paisaje Rosa Barba<\/span><\/span><span style=\"font-size:x-small;\">. Esta convocatoria tiene como objetivo se\u00f1alar los proyectos m\u00e1s relevantes realizados en Europa en los \u00faltimos a\u00f1os \u2014desde el 2005 hasta el 2009\u2014 con la voluntad de profundizar y debatir la intervenci\u00f3n en el paisaje, tanto desde la arquitectura del paisaje como desde otros campos disciplinares que est\u00e1n vinculados con su estudio y evoluci\u00f3n. <\/span><\/em><em> &#8220;<\/em><\/p><\/blockquote>\n","protected":false},"excerpt":{"rendered":"<p>El Edificio del Servicio de\u00a0Medio Ambiente de Zaragoza\u00a0y la Urbanizaci\u00f3n de su Entorno ha sido Seleccionado en el 6\u00ba Premio Europeo de Paisaje Rosa Barb\u00e1 y formar\u00e1 parte de la exposici\u00f3n que tendr\u00e1 lugar en Barcelona en el Colegio Oficial de Arquitectos de Catalu\u00f1a del 29 de Septiembre al 26 de Octubre, con motivo de [&hellip;]<\/p>\n","protected":false},"author":1,"featured_media":0,"comment_status":"open","ping_status":"open","sticky":false,"template":"","format":"standard","meta":{"_monsterinsights_skip_tracking":false,"_monsterinsights_sitenote_active":false,"_monsterinsights_sitenote_note":"","_monsterinsights_sitenote_category":0},"categories":[132,113],"tags":[62,126,135,87,136,150,70,137,138],"_links":{"self":[{"href":"https:\/\/magenarquitectos.com\/en\/wp-json\/wp\/v2\/posts\/11830"}],"collection":[{"href":"https:\/\/magenarquitectos.com\/en\/wp-json\/wp\/v2\/posts"}],"about":[{"href":"https:\/\/magenarquitectos.com\/en\/wp-json\/wp\/v2\/types\/post"}],"author":[{"embeddable":true,"href":"https:\/\/magenarquitectos.com\/en\/wp-json\/wp\/v2\/users\/1"}],"replies":[{"embeddable":true,"href":"https:\/\/magenarquitectos.com\/en\/wp-json\/wp\/v2\/comments?post=11830"}],"version-history":[{"count":1,"href":"https:\/\/magenarquitectos.com\/en\/wp-json\/wp\/v2\/posts\/11830\/revisions"}],"predecessor-version":[{"id":13895,"href":"https:\/\/magenarquitectos.com\/en\/wp-json\/wp\/v2\/posts\/11830\/revisions\/13895"}],"wp:attachment":[{"href":"https:\/\/magenarquitectos.com\/en\/wp-json\/wp\/v2\/media?parent=11830"}],"wp:term":[{"taxonomy":"category","embeddable":true,"href":"https:\/\/magenarquitectos.com\/en\/wp-json\/wp\/v2\/categories?post=11830"},{"taxonomy":"post_tag","embeddable":true,"href":"https:\/\/magenarquitectos.com\/en\/wp-json\/wp\/v2\/tags?post=11830"}],"curies":[{"name":"wp","href":"https:\/\/api.w.org\/{rel}","templated":true}]}}