{"id":11832,"date":"2010-07-07T10:17:01","date_gmt":"2010-07-07T10:17:01","guid":{"rendered":"http:\/\/magenarquitectos.wordpress.com\/?p=1467"},"modified":"2021-06-17T10:18:30","modified_gmt":"2021-06-17T10:18:30","slug":"el-servicio-de-medio-ambiente-finalista-de-la-ii-bienal-jovenes-arquitectos-proximaarquia","status":"publish","type":"post","link":"https:\/\/magenarquitectos.com\/en\/el-servicio-de-medio-ambiente-finalista-de-la-ii-bienal-jovenes-arquitectos-proximaarquia\/","title":{"rendered":"El Servicio de Medio Ambiente de Zaragoza finalista de la II Bienal J\u00f3venes Arquitectos\u00a0ARQUIA\/PR\u00d3XIMA"},"content":{"rendered":"<p><img loading=\"lazy\" class=\"aligncenter size-full wp-image-1468\" title=\"PG231_47\" src=\"http:\/\/magenarquitectos.files.wordpress.com\/2010\/07\/pg231_47.jpg\" alt=\"\" width=\"420\" height=\"644\"><\/p>\n<p>El Edificio para el Servicio de Medio Ambiente de Zaragoza ha\u00a0resultado una de las 6 obras seleccionadas como\u00a0finalistas de la Bienal, previa selecci\u00f3n de 128 obras de arquitectura entre 1939 trabajos presentados.<\/p>\n<p>Mag\u00e9n Arquitectos participar\u00e1 en el FORO ARQUIA\/PR\u00d3XIMA que tendr\u00e1 lugar en Madrid el 21 y\u00a022 de Octubre, en las ponencias y exposici\u00f3n de los proyectos finalistas y seleccionados.<\/p>\n<p>Environmental Unit Headquarters in Zaragoza, by Mag\u00e9n Arquitectos, has been awarded in the II Biennal of Spanish Young Architects Arqu\u00eda Pr\u00f3xima 2008\/2009. The work is one of the six Finalists, selected among 1939 participants.<\/p>\n<p>Acta del Jurado: <a href=\"http:\/\/fundacion.arquia.es\/proxima\/files\/noticia\/id35\/descarga1_35_esp.pdf\" rel=\"nofollow noopener\" target=\"_blank\">http:\/\/fundacion.arquia.es\/proxima\/files\/noticia\/id35\/descarga1_35_esp.pdf<\/a><\/p>\n","protected":false},"excerpt":{"rendered":"<p>El Edificio para el Servicio de Medio Ambiente de Zaragoza ha\u00a0resultado una de las 6 obras seleccionadas como\u00a0finalistas de la Bienal, previa selecci\u00f3n de 128 obras de arquitectura entre 1939 trabajos presentados. Mag\u00e9n Arquitectos participar\u00e1 en el FORO ARQUIA\/PR\u00d3XIMA que tendr\u00e1 lugar en Madrid el 21 y\u00a022 de Octubre, en las ponencias y exposici\u00f3n de [&hellip;]<\/p>\n","protected":false},"author":1,"featured_media":0,"comment_status":"open","ping_status":"open","sticky":false,"template":"","format":"standard","meta":{"_monsterinsights_skip_tracking":false,"_monsterinsights_sitenote_active":false,"_monsterinsights_sitenote_note":"","_monsterinsights_sitenote_category":0},"categories":[76,77,65,113],"tags":[62,126,79,80,81,70,82,83,74],"_links":{"self":[{"href":"https:\/\/magenarquitectos.com\/en\/wp-json\/wp\/v2\/posts\/11832"}],"collection":[{"href":"https:\/\/magenarquitectos.com\/en\/wp-json\/wp\/v2\/posts"}],"about":[{"href":"https:\/\/magenarquitectos.com\/en\/wp-json\/wp\/v2\/types\/post"}],"author":[{"embeddable":true,"href":"https:\/\/magenarquitectos.com\/en\/wp-json\/wp\/v2\/users\/1"}],"replies":[{"embeddable":true,"href":"https:\/\/magenarquitectos.com\/en\/wp-json\/wp\/v2\/comments?post=11832"}],"version-history":[{"count":1,"href":"https:\/\/magenarquitectos.com\/en\/wp-json\/wp\/v2\/posts\/11832\/revisions"}],"predecessor-version":[{"id":13893,"href":"https:\/\/magenarquitectos.com\/en\/wp-json\/wp\/v2\/posts\/11832\/revisions\/13893"}],"wp:attachment":[{"href":"https:\/\/magenarquitectos.com\/en\/wp-json\/wp\/v2\/media?parent=11832"}],"wp:term":[{"taxonomy":"category","embeddable":true,"href":"https:\/\/magenarquitectos.com\/en\/wp-json\/wp\/v2\/categories?post=11832"},{"taxonomy":"post_tag","embeddable":true,"href":"https:\/\/magenarquitectos.com\/en\/wp-json\/wp\/v2\/tags?post=11832"}],"curies":[{"name":"wp","href":"https:\/\/api.w.org\/{rel}","templated":true}]}}