{"id":11841,"date":"2010-08-18T11:52:38","date_gmt":"2010-08-18T11:52:38","guid":{"rendered":"http:\/\/magenarquitectos.wordpress.com\/?p=1554"},"modified":"2021-06-17T10:18:25","modified_gmt":"2021-06-17T10:18:25","slug":"en-construccion-rehabilitacion-de-la-casa-julve-para-escuela-de-musica-de-alcaniz-teruel-2","status":"publish","type":"post","link":"https:\/\/magenarquitectos.com\/en\/en-construccion-rehabilitacion-de-la-casa-julve-para-escuela-de-musica-de-alcaniz-teruel-2\/","title":{"rendered":"En construcci\u00f3n \/ Work in progress"},"content":{"rendered":"<p>Rehabilitaci\u00f3n de la Casa Julve para Escuela de M\u00fasica. Alca\u00f1iz (Teruel)<\/p>\n<p style=\"text-align:center;\"><img loading=\"lazy\" class=\"aligncenter size-full wp-image-1557\" title=\"DSC00490\" src=\"http:\/\/magenarquitectos.files.wordpress.com\/2010\/08\/dsc00490.jpg\" alt=\"\" width=\"378\" height=\"504\"><\/p>\n","protected":false},"excerpt":{"rendered":"<p>Rehabilitaci\u00f3n de la Casa Julve para Escuela de M\u00fasica. Alca\u00f1iz (Teruel)<\/p>\n","protected":false},"author":1,"featured_media":0,"comment_status":"open","ping_status":"open","sticky":false,"template":"","format":"standard","meta":{"_monsterinsights_skip_tracking":false,"_monsterinsights_sitenote_active":false,"_monsterinsights_sitenote_note":"","_monsterinsights_sitenote_category":0},"categories":[77,97,65,139,92],"tags":[133,134,80,93,94],"_links":{"self":[{"href":"https:\/\/magenarquitectos.com\/en\/wp-json\/wp\/v2\/posts\/11841"}],"collection":[{"href":"https:\/\/magenarquitectos.com\/en\/wp-json\/wp\/v2\/posts"}],"about":[{"href":"https:\/\/magenarquitectos.com\/en\/wp-json\/wp\/v2\/types\/post"}],"author":[{"embeddable":true,"href":"https:\/\/magenarquitectos.com\/en\/wp-json\/wp\/v2\/users\/1"}],"replies":[{"embeddable":true,"href":"https:\/\/magenarquitectos.com\/en\/wp-json\/wp\/v2\/comments?post=11841"}],"version-history":[{"count":1,"href":"https:\/\/magenarquitectos.com\/en\/wp-json\/wp\/v2\/posts\/11841\/revisions"}],"predecessor-version":[{"id":13880,"href":"https:\/\/magenarquitectos.com\/en\/wp-json\/wp\/v2\/posts\/11841\/revisions\/13880"}],"wp:attachment":[{"href":"https:\/\/magenarquitectos.com\/en\/wp-json\/wp\/v2\/media?parent=11841"}],"wp:term":[{"taxonomy":"category","embeddable":true,"href":"https:\/\/magenarquitectos.com\/en\/wp-json\/wp\/v2\/categories?post=11841"},{"taxonomy":"post_tag","embeddable":true,"href":"https:\/\/magenarquitectos.com\/en\/wp-json\/wp\/v2\/tags?post=11841"}],"curies":[{"name":"wp","href":"https:\/\/api.w.org\/{rel}","templated":true}]}}