{"id":11844,"date":"2010-08-24T16:17:38","date_gmt":"2010-08-24T16:17:38","guid":{"rendered":"http:\/\/magenarquitectos.wordpress.com\/?p=1580"},"modified":"2021-06-17T10:18:24","modified_gmt":"2021-06-17T10:18:24","slug":"en-construccion-rehabilitacion-de-la-casa-julve-para-escuela-de-musica-de-alcaniz-teruel-3","status":"publish","type":"post","link":"https:\/\/magenarquitectos.com\/en\/en-construccion-rehabilitacion-de-la-casa-julve-para-escuela-de-musica-de-alcaniz-teruel-3\/","title":{"rendered":"En construcci\u00f3n \/ Work in progress"},"content":{"rendered":"<p>Rehabilitaci\u00f3n de la Casa Julve para Escuela de M\u00fasica. Alca\u00f1iz (Teruel)<\/p>\n<p style=\"text-align: center;\"><a href=\"http:\/\/blog.magenarquitectos.com\/wp-content\/uploads\/2010\/08\/dsc00458.jpg\"><img loading=\"lazy\" class=\"alignnone size-large wp-image-8641\" src=\"https:\/\/magenarquitectos.com\/wp-content\/uploads\/2021\/06\/dsc00458-553x1024.jpg\" alt=\"dsc00458\" width=\"553\" height=\"1024\" title=\"\"><\/a><\/p>\n","protected":false},"excerpt":{"rendered":"<p>Rehabilitaci\u00f3n de la Casa Julve para Escuela de M\u00fasica. Alca\u00f1iz (Teruel)<\/p>\n","protected":false},"author":1,"featured_media":0,"comment_status":"open","ping_status":"open","sticky":false,"template":"","format":"standard","meta":{"_monsterinsights_skip_tracking":false,"_monsterinsights_sitenote_active":false,"_monsterinsights_sitenote_note":"","_monsterinsights_sitenote_category":0},"categories":[77,97,65,139,92],"tags":[133,134,80,93,94],"_links":{"self":[{"href":"https:\/\/magenarquitectos.com\/en\/wp-json\/wp\/v2\/posts\/11844"}],"collection":[{"href":"https:\/\/magenarquitectos.com\/en\/wp-json\/wp\/v2\/posts"}],"about":[{"href":"https:\/\/magenarquitectos.com\/en\/wp-json\/wp\/v2\/types\/post"}],"author":[{"embeddable":true,"href":"https:\/\/magenarquitectos.com\/en\/wp-json\/wp\/v2\/users\/1"}],"replies":[{"embeddable":true,"href":"https:\/\/magenarquitectos.com\/en\/wp-json\/wp\/v2\/comments?post=11844"}],"version-history":[{"count":1,"href":"https:\/\/magenarquitectos.com\/en\/wp-json\/wp\/v2\/posts\/11844\/revisions"}],"predecessor-version":[{"id":13876,"href":"https:\/\/magenarquitectos.com\/en\/wp-json\/wp\/v2\/posts\/11844\/revisions\/13876"}],"wp:attachment":[{"href":"https:\/\/magenarquitectos.com\/en\/wp-json\/wp\/v2\/media?parent=11844"}],"wp:term":[{"taxonomy":"category","embeddable":true,"href":"https:\/\/magenarquitectos.com\/en\/wp-json\/wp\/v2\/categories?post=11844"},{"taxonomy":"post_tag","embeddable":true,"href":"https:\/\/magenarquitectos.com\/en\/wp-json\/wp\/v2\/tags?post=11844"}],"curies":[{"name":"wp","href":"https:\/\/api.w.org\/{rel}","templated":true}]}}