{"id":11853,"date":"2010-09-15T11:52:36","date_gmt":"2010-09-15T11:52:36","guid":{"rendered":"http:\/\/magenarquitectos.wordpress.com\/?p=1652"},"modified":"2021-06-17T10:18:21","modified_gmt":"2021-06-17T10:18:21","slug":"saie-selection-10-first-prize","status":"publish","type":"post","link":"https:\/\/magenarquitectos.com\/en\/saie-selection-10-first-prize\/","title":{"rendered":"SAIE Selection 10. First Prize."},"content":{"rendered":"<p>Mag\u00e9n Arquitectos ha sido premiado con el Primer Premio en el concurso SAIE Selection 10, en la categor\u00eda J\u00f3venes Arquitectos secci\u00f3n Madera, por el Centro Ambiental del Ebro.<\/p>\n<p>Los proyectos premiados en el Concurso, cuyo tema es &#8220;Integrando para construir &#8211; Edificios sostenibles e innovadores&#8221;, ser\u00e1n exhibidos en una exposici\u00f3n especial, &#8220;Cuore Mostra SAIE 2010&#8221; en el marco del SAIE Sal\u00f3n Internacional de la Edificaci\u00f3n en Bolonia del 27 al 30 de octubre.<\/p>\n<p>Mag\u00e9n Arquitectos participar\u00e1 en un seminario especial dirigido por el arquitecto Mario Cucinella.<\/p>\n<p>Mag\u00e9n Arquitectos has been awarded with the First Prize in the Contest SAIE Selection 10, in the Category Young Architects section Wood, with Environmental Department of Zaragoza City Council.<\/p>\n<p>The awarded works in the Contest, on the theme &#8220;Integrating to build &#8211; Highly integrated innovative and sustainable buildings &#8220;, will be exposed in a special dedicated exhibition &#8220;Cuore Mostra SAIE 2010&#8221; in the framework of the SAIE International Building Exhibition in Bolognafiere from 27th to 30th October.<\/p>\n<p>Mag\u00e9n Arquitectos will take part in a special seminar chaired by architect Mario Cucinella.<\/p>\n<p><a href=\"https:\/\/magenarquitectos.com\/wp-content\/uploads\/2021\/06\/logo-saieselection20101.jpg\"><img loading=\"lazy\" class=\"size-full wp-image-8628 aligncenter\" src=\"https:\/\/magenarquitectos.com\/wp-content\/uploads\/2021\/06\/logo-saieselection20101.jpg\" alt=\"logo-saieselection2010\" width=\"250\" height=\"267\" title=\"\"><\/a><\/p>\n","protected":false},"excerpt":{"rendered":"<p>Mag\u00e9n Arquitectos ha sido premiado con el Primer Premio en el concurso SAIE Selection 10, en la categor\u00eda J\u00f3venes Arquitectos secci\u00f3n Madera, por el Centro Ambiental del Ebro. Los proyectos premiados en el Concurso, cuyo tema es &#8220;Integrando para construir &#8211; Edificios sostenibles e innovadores&#8221;, ser\u00e1n exhibidos en una exposici\u00f3n especial, &#8220;Cuore Mostra SAIE 2010&#8221; [&hellip;]<\/p>\n","protected":false},"author":1,"featured_media":0,"comment_status":"open","ping_status":"open","sticky":false,"template":"","format":"standard","meta":{"_monsterinsights_skip_tracking":false,"_monsterinsights_sitenote_active":false,"_monsterinsights_sitenote_note":"","_monsterinsights_sitenote_category":0},"categories":[76,77,78,65,113],"tags":[62,79,80,145,81,70,168,82,83],"_links":{"self":[{"href":"https:\/\/magenarquitectos.com\/en\/wp-json\/wp\/v2\/posts\/11853"}],"collection":[{"href":"https:\/\/magenarquitectos.com\/en\/wp-json\/wp\/v2\/posts"}],"about":[{"href":"https:\/\/magenarquitectos.com\/en\/wp-json\/wp\/v2\/types\/post"}],"author":[{"embeddable":true,"href":"https:\/\/magenarquitectos.com\/en\/wp-json\/wp\/v2\/users\/1"}],"replies":[{"embeddable":true,"href":"https:\/\/magenarquitectos.com\/en\/wp-json\/wp\/v2\/comments?post=11853"}],"version-history":[{"count":1,"href":"https:\/\/magenarquitectos.com\/en\/wp-json\/wp\/v2\/posts\/11853\/revisions"}],"predecessor-version":[{"id":13848,"href":"https:\/\/magenarquitectos.com\/en\/wp-json\/wp\/v2\/posts\/11853\/revisions\/13848"}],"wp:attachment":[{"href":"https:\/\/magenarquitectos.com\/en\/wp-json\/wp\/v2\/media?parent=11853"}],"wp:term":[{"taxonomy":"category","embeddable":true,"href":"https:\/\/magenarquitectos.com\/en\/wp-json\/wp\/v2\/categories?post=11853"},{"taxonomy":"post_tag","embeddable":true,"href":"https:\/\/magenarquitectos.com\/en\/wp-json\/wp\/v2\/tags?post=11853"}],"curies":[{"name":"wp","href":"https:\/\/api.w.org\/{rel}","templated":true}]}}