{"id":11855,"date":"2010-09-21T17:43:45","date_gmt":"2010-09-21T17:43:45","guid":{"rendered":"http:\/\/magenarquitectos.wordpress.com\/?p=1665"},"modified":"2021-06-17T10:18:21","modified_gmt":"2021-06-17T10:18:21","slug":"la-sede-del-servicio-de-medio-ambiente-en-ecobuilding-2010","status":"publish","type":"post","link":"https:\/\/magenarquitectos.com\/en\/la-sede-del-servicio-de-medio-ambiente-en-ecobuilding-2010\/","title":{"rendered":"La Sede del Servicio de Medio Ambiente, en Ecobuilding 2010"},"content":{"rendered":"<p>La Sede del Servicio de Medio Ambiente, de Mag\u00e9n Arquitectos, expuesta en la Galer\u00eda de Proyectos Arquitect\u00f3nicos de Construcci\u00f3n Sostenible dentro de Ecobuilding 2010.<\/p>\n<p>Ecobuilding 2010, Exposici\u00f3n y Conferencia Internacional de Arquitectura Bioclim\u00e1tica, Construcci\u00f3n Sostenible y Eficiencia Energ\u00e9tica, se celebra en Zaragoza del 21 al 23 de Septiembre de 2010.<\/p>\n<p>Asimismo, el edificio ha sido publicado en la secci\u00f3n de construcci\u00f3n sostenible del n\u00famero 128 de la revista Infopower, dedicada a la actualidad y uso eficiente de la energ\u00eda.<\/p>\n<p>Environmental Department of\u00a0 Zaragoza City Council, by Mag\u00e9n Arquitectos, exhibited in the Gallery of Sustainable Architectonical Projects in Ecobuilding 2010.<\/p>\n<p>Ecobuilding 2010, Exhibition and International Meeting on Sustainable Architecture, takes part in\u00a0 Zaragoza from 21th to 23th\u00a0 September 2010.<\/p>\n<p>Moreover, the building\u00a0is published in the section about sustainable architecture\u00a0 of magazine Infopower, in its issue n\u00ba 128,\u00a0 related to the efficient use of energy.<\/p>\n<p style=\"text-align: center;\"><a href=\"https:\/\/magenarquitectos.com\/wp-content\/uploads\/2021\/06\/dsc01447.jpg\"><img loading=\"lazy\" class=\"alignnone size-full wp-image-8615\" src=\"https:\/\/magenarquitectos.com\/wp-content\/uploads\/2021\/06\/dsc01447.jpg\" alt=\"Magen Arquitectos Zaragoza\" width=\"660\" height=\"566\" title=\"\"><\/a><\/p>\n","protected":false},"excerpt":{"rendered":"<p>La Sede del Servicio de Medio Ambiente, de Mag\u00e9n Arquitectos, expuesta en la Galer\u00eda de Proyectos Arquitect\u00f3nicos de Construcci\u00f3n Sostenible dentro de Ecobuilding 2010. Ecobuilding 2010, Exposici\u00f3n y Conferencia Internacional de Arquitectura Bioclim\u00e1tica, Construcci\u00f3n Sostenible y Eficiencia Energ\u00e9tica, se celebra en Zaragoza del 21 al 23 de Septiembre de 2010. Asimismo, el edificio ha sido [&hellip;]<\/p>\n","protected":false},"author":1,"featured_media":0,"comment_status":"open","ping_status":"open","sticky":false,"template":"","format":"standard","meta":{"_monsterinsights_skip_tracking":false,"_monsterinsights_sitenote_active":false,"_monsterinsights_sitenote_note":"","_monsterinsights_sitenote_category":0},"categories":[76,77,78,65,69],"tags":[129,79,81,82,83,74],"_links":{"self":[{"href":"https:\/\/magenarquitectos.com\/en\/wp-json\/wp\/v2\/posts\/11855"}],"collection":[{"href":"https:\/\/magenarquitectos.com\/en\/wp-json\/wp\/v2\/posts"}],"about":[{"href":"https:\/\/magenarquitectos.com\/en\/wp-json\/wp\/v2\/types\/post"}],"author":[{"embeddable":true,"href":"https:\/\/magenarquitectos.com\/en\/wp-json\/wp\/v2\/users\/1"}],"replies":[{"embeddable":true,"href":"https:\/\/magenarquitectos.com\/en\/wp-json\/wp\/v2\/comments?post=11855"}],"version-history":[{"count":1,"href":"https:\/\/magenarquitectos.com\/en\/wp-json\/wp\/v2\/posts\/11855\/revisions"}],"predecessor-version":[{"id":13842,"href":"https:\/\/magenarquitectos.com\/en\/wp-json\/wp\/v2\/posts\/11855\/revisions\/13842"}],"wp:attachment":[{"href":"https:\/\/magenarquitectos.com\/en\/wp-json\/wp\/v2\/media?parent=11855"}],"wp:term":[{"taxonomy":"category","embeddable":true,"href":"https:\/\/magenarquitectos.com\/en\/wp-json\/wp\/v2\/categories?post=11855"},{"taxonomy":"post_tag","embeddable":true,"href":"https:\/\/magenarquitectos.com\/en\/wp-json\/wp\/v2\/tags?post=11855"}],"curies":[{"name":"wp","href":"https:\/\/api.w.org\/{rel}","templated":true}]}}