{"id":11857,"date":"2010-10-01T17:50:14","date_gmt":"2010-10-01T17:50:14","guid":{"rendered":"http:\/\/magenarquitectos.wordpress.com\/?p=1684"},"modified":"2021-06-17T10:18:20","modified_gmt":"2021-06-17T10:18:20","slug":"la-sede-del-servicio-de-medio-ambiente-la-exposicion-de-la-6%c2%aa-bienal-europea-del-paisaje-en-barcelona","status":"publish","type":"post","link":"https:\/\/magenarquitectos.com\/en\/la-sede-del-servicio-de-medio-ambiente-la-exposicion-de-la-6%c2%aa-bienal-europea-del-paisaje-en-barcelona\/","title":{"rendered":"La Sede del Servicio de Medio Ambiente, en la exposici\u00f3n de la 6\u00aa Bienal Europea del Paisaje en Barcelona."},"content":{"rendered":"<p style=\"text-align: center;\"><a href=\"https:\/\/magenarquitectos.com\/wp-content\/uploads\/2021\/06\/img_7064.jpg\"><img loading=\"lazy\" class=\"size-full wp-image-8610\" src=\"https:\/\/magenarquitectos.com\/wp-content\/uploads\/2021\/06\/img_7064.jpg\" alt=\"Magen Arquitectos Zaragoza\" width=\"660\" height=\"495\" title=\"\"><\/a><\/p>\n<p>El edificio, seleccionado en la 6\u00aa Bienal Europea del Paisaje Rosa Barb\u00e1, est\u00e1 presente en la exposici\u00f3n que se celebra en el Colegio de Arquitectos de Catalu\u00f1a (Pla\u00e7a Nova, 5. Barcelona) del 30 de septiembre al 2 de octubre.<\/p>\n<p>Por otra parte, tras la reciente concesi\u00f3n del Premio Ricardo Magdalena\u00a02010,\u00a0con el que ya\u00a0eran\u00a0ocho los premios y reconocimientos, \u00a0nacionales e internacionales,\u00a0obtenidos por el edificio, \u00a0el jurado del XXV Premio Garc\u00eda Mercadal\u00a0le\u00a0ha concedido un acc\u00e9sit.<\/p>\n<p>Environmental Department of Zaragoza City Council, by Mag\u00e9n Arquitectos, takes part in the exhibition of\u00a0 6th European Biennial of Landscape Rosa Barb\u00e1 in the Catalonian Institute of Architects from 30th Septembre to 2th October.<\/p>\n<p>Moreover, the building, after been awarded eight times, received an Acc\u00e9sit in XXV Garc\u00eda Mercadal Award.<\/p>\n","protected":false},"excerpt":{"rendered":"<p>El edificio, seleccionado en la 6\u00aa Bienal Europea del Paisaje Rosa Barb\u00e1, est\u00e1 presente en la exposici\u00f3n que se celebra en el Colegio de Arquitectos de Catalu\u00f1a (Pla\u00e7a Nova, 5. Barcelona) del 30 de septiembre al 2 de octubre. Por otra parte, tras la reciente concesi\u00f3n del Premio Ricardo Magdalena\u00a02010,\u00a0con el que ya\u00a0eran\u00a0ocho los premios [&hellip;]<\/p>\n","protected":false},"author":1,"featured_media":0,"comment_status":"open","ping_status":"open","sticky":false,"template":"","format":"standard","meta":{"_monsterinsights_skip_tracking":false,"_monsterinsights_sitenote_active":false,"_monsterinsights_sitenote_note":"","_monsterinsights_sitenote_category":0},"categories":[76,77,78,65,69],"tags":[62,126,87,68,70],"_links":{"self":[{"href":"https:\/\/magenarquitectos.com\/en\/wp-json\/wp\/v2\/posts\/11857"}],"collection":[{"href":"https:\/\/magenarquitectos.com\/en\/wp-json\/wp\/v2\/posts"}],"about":[{"href":"https:\/\/magenarquitectos.com\/en\/wp-json\/wp\/v2\/types\/post"}],"author":[{"embeddable":true,"href":"https:\/\/magenarquitectos.com\/en\/wp-json\/wp\/v2\/users\/1"}],"replies":[{"embeddable":true,"href":"https:\/\/magenarquitectos.com\/en\/wp-json\/wp\/v2\/comments?post=11857"}],"version-history":[{"count":1,"href":"https:\/\/magenarquitectos.com\/en\/wp-json\/wp\/v2\/posts\/11857\/revisions"}],"predecessor-version":[{"id":13836,"href":"https:\/\/magenarquitectos.com\/en\/wp-json\/wp\/v2\/posts\/11857\/revisions\/13836"}],"wp:attachment":[{"href":"https:\/\/magenarquitectos.com\/en\/wp-json\/wp\/v2\/media?parent=11857"}],"wp:term":[{"taxonomy":"category","embeddable":true,"href":"https:\/\/magenarquitectos.com\/en\/wp-json\/wp\/v2\/categories?post=11857"},{"taxonomy":"post_tag","embeddable":true,"href":"https:\/\/magenarquitectos.com\/en\/wp-json\/wp\/v2\/tags?post=11857"}],"curies":[{"name":"wp","href":"https:\/\/api.w.org\/{rel}","templated":true}]}}