{"id":11858,"date":"2010-10-04T12:13:33","date_gmt":"2010-10-04T12:13:33","guid":{"rendered":"http:\/\/magenarquitectos.wordpress.com\/?p=1698"},"modified":"2021-06-17T10:18:20","modified_gmt":"2021-06-17T10:18:20","slug":"zaragoza-2016-entre-las-candidatas-a-ser-capital-europea-de-la-cultura-2016","status":"publish","type":"post","link":"https:\/\/magenarquitectos.com\/en\/zaragoza-2016-entre-las-candidatas-a-ser-capital-europea-de-la-cultura-2016\/","title":{"rendered":"Zaragoza 2016 tendr\u00e1 su sede en el Edificio del Servicio de Medio Ambiente, que cambiar\u00e1 de nombre."},"content":{"rendered":"<p><a href=\"https:\/\/magenarquitectos.com\/wp-content\/uploads\/2021\/06\/z2016-copia.jpg\"><img loading=\"lazy\" class=\"size-full wp-image-8608 aligncenter\" src=\"https:\/\/magenarquitectos.com\/wp-content\/uploads\/2021\/06\/z2016-copia.jpg\" alt=\"Magen Arquitectos Zaragoza\" width=\"356\" height=\"234\" title=\"\"><\/a><\/p>\n<p>(02\/10\/2010) Fuente: El Peri\u00f3dico de Arag\u00f3n<\/p>\n<p>Zaragoza sigue adelante en la carrera por ser Capital Europea de la Cultura en el 2016.<\/p>\n<p>El proyecto de la ciudad aragonesa convenci\u00f3 al jurado y pas\u00f3 el primer corte en Espa\u00f1a junto a Burgos, C\u00f3rdoba, San Sebasti\u00e1n, Las Palmas y Segovia.<\/p>\n<p>&#8220;Sede: Un edificio muy compartido.<\/p>\n<p>El alcalde de Zaragoza, Juan Alberto Belloch, asegur\u00f3 ayer que el edificio que se constr\u00fay\u00f3 para la Unidad de Montes ser\u00e1 ahora el de los Grandes Proyectos de la ciudad. Y aunque confirm\u00f3 que all\u00ed se instalar\u00e1 Zaragoza 2016 junto al consorcio de los Juegos Ol\u00edmpicos de Invierno Zaragoza-Jaca 2022, y la Expo Paisajes 2014, seg\u00fan ha podido saber este diario, tambi\u00e9n est\u00e1 previsto abrir &#8220;el futuro Centro de Interpretaci\u00f3n del Ebro, en primavera del 2011, en la planta baja del edificio.&#8221;<\/p>\n","protected":false},"excerpt":{"rendered":"<p>(02\/10\/2010) Fuente: El Peri\u00f3dico de Arag\u00f3n Zaragoza sigue adelante en la carrera por ser Capital Europea de la Cultura en el 2016. El proyecto de la ciudad aragonesa convenci\u00f3 al jurado y pas\u00f3 el primer corte en Espa\u00f1a junto a Burgos, C\u00f3rdoba, San Sebasti\u00e1n, Las Palmas y Segovia. &#8220;Sede: Un edificio muy compartido. El alcalde [&hellip;]<\/p>\n","protected":false},"author":1,"featured_media":0,"comment_status":"open","ping_status":"open","sticky":false,"template":"","format":"standard","meta":{"_monsterinsights_skip_tracking":false,"_monsterinsights_sitenote_active":false,"_monsterinsights_sitenote_note":"","_monsterinsights_sitenote_category":0},"categories":[76,77,78,65,125],"tags":[80,123,74],"_links":{"self":[{"href":"https:\/\/magenarquitectos.com\/en\/wp-json\/wp\/v2\/posts\/11858"}],"collection":[{"href":"https:\/\/magenarquitectos.com\/en\/wp-json\/wp\/v2\/posts"}],"about":[{"href":"https:\/\/magenarquitectos.com\/en\/wp-json\/wp\/v2\/types\/post"}],"author":[{"embeddable":true,"href":"https:\/\/magenarquitectos.com\/en\/wp-json\/wp\/v2\/users\/1"}],"replies":[{"embeddable":true,"href":"https:\/\/magenarquitectos.com\/en\/wp-json\/wp\/v2\/comments?post=11858"}],"version-history":[{"count":1,"href":"https:\/\/magenarquitectos.com\/en\/wp-json\/wp\/v2\/posts\/11858\/revisions"}],"predecessor-version":[{"id":13833,"href":"https:\/\/magenarquitectos.com\/en\/wp-json\/wp\/v2\/posts\/11858\/revisions\/13833"}],"wp:attachment":[{"href":"https:\/\/magenarquitectos.com\/en\/wp-json\/wp\/v2\/media?parent=11858"}],"wp:term":[{"taxonomy":"category","embeddable":true,"href":"https:\/\/magenarquitectos.com\/en\/wp-json\/wp\/v2\/categories?post=11858"},{"taxonomy":"post_tag","embeddable":true,"href":"https:\/\/magenarquitectos.com\/en\/wp-json\/wp\/v2\/tags?post=11858"}],"curies":[{"name":"wp","href":"https:\/\/api.w.org\/{rel}","templated":true}]}}