{"id":11859,"date":"2010-10-08T12:14:29","date_gmt":"2010-10-08T12:14:29","guid":{"rendered":"http:\/\/magenarquitectos.wordpress.com\/?p=1707"},"modified":"2021-06-17T10:18:20","modified_gmt":"2021-06-17T10:18:20","slug":"exposicion-del-concurso-para-el-nuevo-teatro-fleta-en-la-sede-del-coa-aragon","status":"publish","type":"post","link":"https:\/\/magenarquitectos.com\/en\/exposicion-del-concurso-para-el-nuevo-teatro-fleta-en-la-sede-del-coa-aragon\/","title":{"rendered":"Exposici\u00f3n del Concurso para el Nuevo Teatro Fleta en la sede del COAA en Zaragoza."},"content":{"rendered":"<p>Del 7 al 28 de Octubre \u00a0puede visitarse en la Sede del Colegio Oficial de Arquitectos de Arag\u00f3n (C\/ San Voto, 7. Zaragoza) la exposici\u00f3n de los proyectos presentados al Concurso para la Rehabilitaci\u00f3n del Teatro Fleta de Zaragoza como Centro de Artes Esc\u00e9nicas y Audiovisuales.<\/p>\n<p>La propuesta de Mag\u00e9n Arquitectos, presentada bajo el lema Engawa, obtuvo el Segundo Premio en el Concurso.<\/p>\n<p><a href=\"https:\/\/magenarquitectos.com\/wp-content\/uploads\/2021\/06\/001.jpg\"><img loading=\"lazy\" class=\"size-full wp-image-8605 aligncenter\" src=\"https:\/\/magenarquitectos.com\/wp-content\/uploads\/2021\/06\/001.jpg\" alt=\"Magen Arquitectos Zaragoza\" width=\"660\" height=\"660\" title=\"\"><\/a><\/p>\n","protected":false},"excerpt":{"rendered":"<p>Del 7 al 28 de Octubre \u00a0puede visitarse en la Sede del Colegio Oficial de Arquitectos de Arag\u00f3n (C\/ San Voto, 7. Zaragoza) la exposici\u00f3n de los proyectos presentados al Concurso para la Rehabilitaci\u00f3n del Teatro Fleta de Zaragoza como Centro de Artes Esc\u00e9nicas y Audiovisuales. La propuesta de Mag\u00e9n Arquitectos, presentada bajo el lema [&hellip;]<\/p>\n","protected":false},"author":1,"featured_media":0,"comment_status":"open","ping_status":"open","sticky":false,"template":"","format":"standard","meta":{"_monsterinsights_skip_tracking":false,"_monsterinsights_sitenote_active":false,"_monsterinsights_sitenote_note":"","_monsterinsights_sitenote_category":0},"categories":[66,69],"tags":[106,62,68,158,70,74],"_links":{"self":[{"href":"https:\/\/magenarquitectos.com\/en\/wp-json\/wp\/v2\/posts\/11859"}],"collection":[{"href":"https:\/\/magenarquitectos.com\/en\/wp-json\/wp\/v2\/posts"}],"about":[{"href":"https:\/\/magenarquitectos.com\/en\/wp-json\/wp\/v2\/types\/post"}],"author":[{"embeddable":true,"href":"https:\/\/magenarquitectos.com\/en\/wp-json\/wp\/v2\/users\/1"}],"replies":[{"embeddable":true,"href":"https:\/\/magenarquitectos.com\/en\/wp-json\/wp\/v2\/comments?post=11859"}],"version-history":[{"count":1,"href":"https:\/\/magenarquitectos.com\/en\/wp-json\/wp\/v2\/posts\/11859\/revisions"}],"predecessor-version":[{"id":13830,"href":"https:\/\/magenarquitectos.com\/en\/wp-json\/wp\/v2\/posts\/11859\/revisions\/13830"}],"wp:attachment":[{"href":"https:\/\/magenarquitectos.com\/en\/wp-json\/wp\/v2\/media?parent=11859"}],"wp:term":[{"taxonomy":"category","embeddable":true,"href":"https:\/\/magenarquitectos.com\/en\/wp-json\/wp\/v2\/categories?post=11859"},{"taxonomy":"post_tag","embeddable":true,"href":"https:\/\/magenarquitectos.com\/en\/wp-json\/wp\/v2\/tags?post=11859"}],"curies":[{"name":"wp","href":"https:\/\/api.w.org\/{rel}","templated":true}]}}