{"id":11860,"date":"2010-10-19T16:38:22","date_gmt":"2010-10-19T16:38:22","guid":{"rendered":"http:\/\/magenarquitectos.wordpress.com\/?p=1720"},"modified":"2021-06-17T10:18:20","modified_gmt":"2021-06-17T10:18:20","slug":"ii-foro-arquiaproxima-madrid-2010","status":"publish","type":"post","link":"https:\/\/magenarquitectos.com\/en\/ii-foro-arquiaproxima-madrid-2010\/","title":{"rendered":"II Foro Arqu\u00eda\/Pr\u00f3xima Madrid 2010."},"content":{"rendered":"<p style=\"text-align: left;\"><a href=\"https:\/\/magenarquitectos.com\/wp-content\/uploads\/2021\/06\/cartedef_1009091-copia.jpg\"><img loading=\"lazy\" class=\"size-full wp-image-8602 aligncenter\" src=\"https:\/\/magenarquitectos.com\/wp-content\/uploads\/2021\/06\/cartedef_1009091-copia.jpg\" alt=\"Magen Arquitectos Zaragoza\" width=\"518\" height=\"472\" title=\"\"><\/a><\/p>\n<p style=\"text-align: left;\">Mag\u00e9n Arquitectos participar\u00e1 en el II Foro Arqu\u00eda\/Pr\u00f3xima Madrid 2010, que se celebrar\u00e1 el 21 y 22 de octubre.<\/p>\n<p style=\"text-align: left;\">Jaime Mag\u00e9n hara una presentaci\u00f3n del proyecto Sede del Servicio de Medio Ambiente de Zaragoza, finalista en la II Bienal de J\u00f3venes Arquitectos Arqu\u00eda\/Pr\u00f3xima 2010.<\/p>\n<p style=\"text-align: left;\">Mag\u00e9n Arquitectos will take part in II Foro Arqu\u00eda\/Pr\u00f3xima Madrid 2010 in 21st and 22nd October.<\/p>\n<p style=\"text-align: left;\">Jaime Mag\u00e9n will make a presentation on Environmental Department of Zaragoza City Council, finalist in II Biennal of Spanish Young Architects Arqu\u00eda Pr\u00f3xima 2008\/2009.<\/p>\n","protected":false},"excerpt":{"rendered":"<p>Mag\u00e9n Arquitectos participar\u00e1 en el II Foro Arqu\u00eda\/Pr\u00f3xima Madrid 2010, que se celebrar\u00e1 el 21 y 22 de octubre. Jaime Mag\u00e9n hara una presentaci\u00f3n del proyecto Sede del Servicio de Medio Ambiente de Zaragoza, finalista en la II Bienal de J\u00f3venes Arquitectos Arqu\u00eda\/Pr\u00f3xima 2010. Mag\u00e9n Arquitectos will take part in II Foro Arqu\u00eda\/Pr\u00f3xima Madrid 2010 [&hellip;]<\/p>\n","protected":false},"author":1,"featured_media":0,"comment_status":"open","ping_status":"open","sticky":false,"template":"","format":"standard","meta":{"_monsterinsights_skip_tracking":false,"_monsterinsights_sitenote_active":false,"_monsterinsights_sitenote_note":"","_monsterinsights_sitenote_category":0},"categories":[76,77,78,65,130,131],"tags":[62,126,79,80,87,81,70,82,83],"_links":{"self":[{"href":"https:\/\/magenarquitectos.com\/en\/wp-json\/wp\/v2\/posts\/11860"}],"collection":[{"href":"https:\/\/magenarquitectos.com\/en\/wp-json\/wp\/v2\/posts"}],"about":[{"href":"https:\/\/magenarquitectos.com\/en\/wp-json\/wp\/v2\/types\/post"}],"author":[{"embeddable":true,"href":"https:\/\/magenarquitectos.com\/en\/wp-json\/wp\/v2\/users\/1"}],"replies":[{"embeddable":true,"href":"https:\/\/magenarquitectos.com\/en\/wp-json\/wp\/v2\/comments?post=11860"}],"version-history":[{"count":1,"href":"https:\/\/magenarquitectos.com\/en\/wp-json\/wp\/v2\/posts\/11860\/revisions"}],"predecessor-version":[{"id":13827,"href":"https:\/\/magenarquitectos.com\/en\/wp-json\/wp\/v2\/posts\/11860\/revisions\/13827"}],"wp:attachment":[{"href":"https:\/\/magenarquitectos.com\/en\/wp-json\/wp\/v2\/media?parent=11860"}],"wp:term":[{"taxonomy":"category","embeddable":true,"href":"https:\/\/magenarquitectos.com\/en\/wp-json\/wp\/v2\/categories?post=11860"},{"taxonomy":"post_tag","embeddable":true,"href":"https:\/\/magenarquitectos.com\/en\/wp-json\/wp\/v2\/tags?post=11860"}],"curies":[{"name":"wp","href":"https:\/\/api.w.org\/{rel}","templated":true}]}}