{"id":11863,"date":"2010-11-02T08:51:18","date_gmt":"2010-11-02T08:51:18","guid":{"rendered":"http:\/\/magenarquitectos.wordpress.com\/?p=1747"},"modified":"2021-06-17T10:18:19","modified_gmt":"2021-06-17T10:18:19","slug":"magen-arquitectos-en-el-workshop-integrare-per-construire","status":"publish","type":"post","link":"https:\/\/magenarquitectos.com\/en\/magen-arquitectos-en-el-workshop-integrare-per-construire\/","title":{"rendered":"Mag\u00e9n Arquitectos en el Workshop &#8220;Integrare per construire&#8221;."},"content":{"rendered":"<p>Mag\u00e9n Arquitectos present\u00f3 en el Workshop &#8220;Integrare per construire&#8221;, celebrado en Bolonia durante el SAIE 2010, \u00a0 la Sede del Servicio de Medio Ambiente de Zaragoza, como ganador de la categor\u00eda Madera del Premio SAIE Selection 2010.<\/p>\n<p>Mag\u00e9n Arquitectos presented Environmental Department of Zaragoza City Council in the Workshop &#8220;Integrating to build&#8221; celebrated in SAIE 2010 in Bologna, as First Prize in Category Wood at SAIE Selection 2010.<\/p>\n<p><a href=\"https:\/\/magenarquitectos.com\/wp-content\/uploads\/2021\/06\/dsc02112.jpg\"><img loading=\"lazy\" class=\"size-full wp-image-8587 aligncenter\" src=\"https:\/\/magenarquitectos.com\/wp-content\/uploads\/2021\/06\/dsc02112.jpg\" alt=\"dsc02112\" width=\"624\" height=\"468\" title=\"\"><\/a><\/p>\n","protected":false},"excerpt":{"rendered":"<p>Mag\u00e9n Arquitectos present\u00f3 en el Workshop &#8220;Integrare per construire&#8221;, celebrado en Bolonia durante el SAIE 2010, \u00a0 la Sede del Servicio de Medio Ambiente de Zaragoza, como ganador de la categor\u00eda Madera del Premio SAIE Selection 2010. Mag\u00e9n Arquitectos presented Environmental Department of Zaragoza City Council in the Workshop &#8220;Integrating to build&#8221; celebrated in SAIE [&hellip;]<\/p>\n","protected":false},"author":1,"featured_media":0,"comment_status":"open","ping_status":"open","sticky":false,"template":"","format":"standard","meta":{"_monsterinsights_skip_tracking":false,"_monsterinsights_sitenote_active":false,"_monsterinsights_sitenote_note":"","_monsterinsights_sitenote_category":0},"categories":[76,77,78,65,130,131],"tags":[62,129,79,80,145,81,70,168,82,83],"_links":{"self":[{"href":"https:\/\/magenarquitectos.com\/en\/wp-json\/wp\/v2\/posts\/11863"}],"collection":[{"href":"https:\/\/magenarquitectos.com\/en\/wp-json\/wp\/v2\/posts"}],"about":[{"href":"https:\/\/magenarquitectos.com\/en\/wp-json\/wp\/v2\/types\/post"}],"author":[{"embeddable":true,"href":"https:\/\/magenarquitectos.com\/en\/wp-json\/wp\/v2\/users\/1"}],"replies":[{"embeddable":true,"href":"https:\/\/magenarquitectos.com\/en\/wp-json\/wp\/v2\/comments?post=11863"}],"version-history":[{"count":1,"href":"https:\/\/magenarquitectos.com\/en\/wp-json\/wp\/v2\/posts\/11863\/revisions"}],"predecessor-version":[{"id":13815,"href":"https:\/\/magenarquitectos.com\/en\/wp-json\/wp\/v2\/posts\/11863\/revisions\/13815"}],"wp:attachment":[{"href":"https:\/\/magenarquitectos.com\/en\/wp-json\/wp\/v2\/media?parent=11863"}],"wp:term":[{"taxonomy":"category","embeddable":true,"href":"https:\/\/magenarquitectos.com\/en\/wp-json\/wp\/v2\/categories?post=11863"},{"taxonomy":"post_tag","embeddable":true,"href":"https:\/\/magenarquitectos.com\/en\/wp-json\/wp\/v2\/tags?post=11863"}],"curies":[{"name":"wp","href":"https:\/\/api.w.org\/{rel}","templated":true}]}}