{"id":11868,"date":"2010-11-17T13:04:02","date_gmt":"2010-11-17T13:04:02","guid":{"rendered":"http:\/\/magenarquitectos.wordpress.com\/?p=1781"},"modified":"2021-06-17T10:18:18","modified_gmt":"2021-06-17T10:18:18","slug":"inauguracion-del-liceo-espacio-de-creacion-artistica-de-alcaniz-casa-julve","status":"publish","type":"post","link":"https:\/\/magenarquitectos.com\/en\/inauguracion-del-liceo-espacio-de-creacion-artistica-de-alcaniz-casa-julve\/","title":{"rendered":"Inauguraci\u00f3n del &#8220;Liceo. Espacio de Creaci\u00f3n Art\u00edstica&#8221; de Alca\u00f1iz (Casa Julve)."},"content":{"rendered":"<p>Medio millar de presonas visitan el Liceo de Alca\u00f1iz en su Jornada de Puertas Abiertas<\/p>\n<p>El nuevo espacio cultural municipal, en el n\u00famero 43 de la calle\u00a0Mayor, ya tiene m\u00e1s de una veintena de solicitudes de uso de espacios.<\/p>\n<p>El estreno &#8220;oficial&#8221; del nuevo equipamiento municipal de Alca\u00f1iz, el\u00a0 &#8220;Liceo. Espacio de Creaci\u00f3n Art\u00edstica&#8221;, fue multitudinario. El pasado\u00a0jueves 11 de noviembre, en la jornada de puertas abiertas convocada\u00a0por el Ayuntamiento para dar a conocer las instalaciones del n\u00famero 43\u00a0de la calle Mayor, acudieron a la cita m\u00e1s de medio millar de\u00a0personas.<\/p>\n<p>[youtube=http:\/\/www.youtube.com\/watch?v=ALXajRkzDYo&amp;feature=player_embedded]<\/p>\n<p>M\u00e1s informaci\u00f3n en: http:\/\/www.poblacionpress.com\/index.php\/comarcas\/bajo-aragon\/3033-medio-millar-de-personas-visitan-el-liceo-de-alcaniz-en-su-jornada-de-puertas-abiertas.html<\/p>\n","protected":false},"excerpt":{"rendered":"<p>Medio millar de presonas visitan el Liceo de Alca\u00f1iz en su Jornada de Puertas Abiertas El nuevo espacio cultural municipal, en el n\u00famero 43 de la calle\u00a0Mayor, ya tiene m\u00e1s de una veintena de solicitudes de uso de espacios. El estreno &#8220;oficial&#8221; del nuevo equipamiento municipal de Alca\u00f1iz, el\u00a0 &#8220;Liceo. Espacio de Creaci\u00f3n Art\u00edstica&#8221;, fue [&hellip;]<\/p>\n","protected":false},"author":1,"featured_media":0,"comment_status":"open","ping_status":"open","sticky":false,"template":"","format":"standard","meta":{"_monsterinsights_skip_tracking":false,"_monsterinsights_sitenote_active":false,"_monsterinsights_sitenote_note":"","_monsterinsights_sitenote_category":0},"categories":[65,66,92,146],"tags":[133,134,80,140,93,94],"_links":{"self":[{"href":"https:\/\/magenarquitectos.com\/en\/wp-json\/wp\/v2\/posts\/11868"}],"collection":[{"href":"https:\/\/magenarquitectos.com\/en\/wp-json\/wp\/v2\/posts"}],"about":[{"href":"https:\/\/magenarquitectos.com\/en\/wp-json\/wp\/v2\/types\/post"}],"author":[{"embeddable":true,"href":"https:\/\/magenarquitectos.com\/en\/wp-json\/wp\/v2\/users\/1"}],"replies":[{"embeddable":true,"href":"https:\/\/magenarquitectos.com\/en\/wp-json\/wp\/v2\/comments?post=11868"}],"version-history":[{"count":1,"href":"https:\/\/magenarquitectos.com\/en\/wp-json\/wp\/v2\/posts\/11868\/revisions"}],"predecessor-version":[{"id":13802,"href":"https:\/\/magenarquitectos.com\/en\/wp-json\/wp\/v2\/posts\/11868\/revisions\/13802"}],"wp:attachment":[{"href":"https:\/\/magenarquitectos.com\/en\/wp-json\/wp\/v2\/media?parent=11868"}],"wp:term":[{"taxonomy":"category","embeddable":true,"href":"https:\/\/magenarquitectos.com\/en\/wp-json\/wp\/v2\/categories?post=11868"},{"taxonomy":"post_tag","embeddable":true,"href":"https:\/\/magenarquitectos.com\/en\/wp-json\/wp\/v2\/tags?post=11868"}],"curies":[{"name":"wp","href":"https:\/\/api.w.org\/{rel}","templated":true}]}}