{"id":11874,"date":"2010-12-02T12:28:36","date_gmt":"2010-12-02T12:28:36","guid":{"rendered":"http:\/\/magenarquitectos.wordpress.com\/?p=1827"},"modified":"2021-06-17T10:17:25","modified_gmt":"2021-06-17T10:17:25","slug":"el-paisaje-y-el-edificio-o-la-metamorfosis-en-heraldo-de-aragon","status":"publish","type":"post","link":"https:\/\/magenarquitectos.com\/en\/el-paisaje-y-el-edificio-o-la-metamorfosis-en-heraldo-de-aragon\/","title":{"rendered":"&#8220;El paisaje y el edificio o la metamorfosis&#8221; en Heraldo de Arag\u00f3n"},"content":{"rendered":"<p style=\"text-align: center;\"><a href=\"https:\/\/magenarquitectos.com\/wp-content\/uploads\/2021\/06\/pg231_48.jpg\"><img loading=\"lazy\" class=\"alignnone size-full wp-image-8562\" src=\"https:\/\/magenarquitectos.com\/wp-content\/uploads\/2021\/06\/pg231_48.jpg\" alt=\"pg231_48\" width=\"660\" height=\"440\" title=\"\"><\/a><\/p>\n<p>01\/12\/2010.- Art\u00edculo del arquitecto Ricardo Marco sobre la XXV edici\u00f3n de los Premios Garc\u00eda Mercadal.<\/p>\n<p>M\u00e1s info: http:\/\/www.heraldo.es\/noticias\/suplementos\/artes_letras\/el_paisaje_edificio_metamorfosis.html<\/p>\n","protected":false},"excerpt":{"rendered":"<p>01\/12\/2010.- Art\u00edculo del arquitecto Ricardo Marco sobre la XXV edici\u00f3n de los Premios Garc\u00eda Mercadal. M\u00e1s info: http:\/\/www.heraldo.es\/noticias\/suplementos\/artes_letras\/el_paisaje_edificio_metamorfosis.html<\/p>\n","protected":false},"author":1,"featured_media":0,"comment_status":"open","ping_status":"open","sticky":false,"template":"","format":"standard","meta":{"_monsterinsights_skip_tracking":false,"_monsterinsights_sitenote_active":false,"_monsterinsights_sitenote_note":"","_monsterinsights_sitenote_category":0},"categories":[76,77,78,65,90],"tags":[79,80,122,81,123,82,83,74],"_links":{"self":[{"href":"https:\/\/magenarquitectos.com\/en\/wp-json\/wp\/v2\/posts\/11874"}],"collection":[{"href":"https:\/\/magenarquitectos.com\/en\/wp-json\/wp\/v2\/posts"}],"about":[{"href":"https:\/\/magenarquitectos.com\/en\/wp-json\/wp\/v2\/types\/post"}],"author":[{"embeddable":true,"href":"https:\/\/magenarquitectos.com\/en\/wp-json\/wp\/v2\/users\/1"}],"replies":[{"embeddable":true,"href":"https:\/\/magenarquitectos.com\/en\/wp-json\/wp\/v2\/comments?post=11874"}],"version-history":[{"count":1,"href":"https:\/\/magenarquitectos.com\/en\/wp-json\/wp\/v2\/posts\/11874\/revisions"}],"predecessor-version":[{"id":13783,"href":"https:\/\/magenarquitectos.com\/en\/wp-json\/wp\/v2\/posts\/11874\/revisions\/13783"}],"wp:attachment":[{"href":"https:\/\/magenarquitectos.com\/en\/wp-json\/wp\/v2\/media?parent=11874"}],"wp:term":[{"taxonomy":"category","embeddable":true,"href":"https:\/\/magenarquitectos.com\/en\/wp-json\/wp\/v2\/categories?post=11874"},{"taxonomy":"post_tag","embeddable":true,"href":"https:\/\/magenarquitectos.com\/en\/wp-json\/wp\/v2\/tags?post=11874"}],"curies":[{"name":"wp","href":"https:\/\/api.w.org\/{rel}","templated":true}]}}