{"id":11888,"date":"2011-01-11T00:05:11","date_gmt":"2011-01-11T00:05:11","guid":{"rendered":"http:\/\/magenarquitectos.wordpress.com\/?p=1954"},"modified":"2021-06-17T10:17:22","modified_gmt":"2021-06-17T10:17:22","slug":"video-construccion-del-centro-de-educacion-infantil-ronda-norte-en-el-barrio-parque-goya-zaragoza","status":"publish","type":"post","link":"https:\/\/magenarquitectos.com\/en\/video-construccion-del-centro-de-educacion-infantil-ronda-norte-en-el-barrio-parque-goya-zaragoza\/","title":{"rendered":"V\u00eddeo: Construcci\u00f3n del Centro de Educaci\u00f3n Infantil &#8220;Ronda Norte&#8221; en el barrio Parque Goya. Zaragoza."},"content":{"rendered":"<p>Montaje audiovisual de fotograf\u00edas de las obras,\u00a0que han tenido una\u00a0duraci\u00f3n total\u00a0de 4 meses.<\/p>\n<p>Audiovisual editing of the construction process (4 months).<\/p>\n<p>[youtube=http:\/\/www.youtube.com\/watch?v=dHEq6FCQzT0]<\/p>\n","protected":false},"excerpt":{"rendered":"<p>Montaje audiovisual de fotograf\u00edas de las obras,\u00a0que han tenido una\u00a0duraci\u00f3n total\u00a0de 4 meses. Audiovisual editing of the construction process (4 months). [youtube=http:\/\/www.youtube.com\/watch?v=dHEq6FCQzT0]<\/p>\n","protected":false},"author":1,"featured_media":0,"comment_status":"open","ping_status":"open","sticky":false,"template":"","format":"standard","meta":{"_monsterinsights_skip_tracking":false,"_monsterinsights_sitenote_active":false,"_monsterinsights_sitenote_note":"","_monsterinsights_sitenote_category":0},"categories":[97,65,139,146],"tags":[134,80,140,141,162,74],"_links":{"self":[{"href":"https:\/\/magenarquitectos.com\/en\/wp-json\/wp\/v2\/posts\/11888"}],"collection":[{"href":"https:\/\/magenarquitectos.com\/en\/wp-json\/wp\/v2\/posts"}],"about":[{"href":"https:\/\/magenarquitectos.com\/en\/wp-json\/wp\/v2\/types\/post"}],"author":[{"embeddable":true,"href":"https:\/\/magenarquitectos.com\/en\/wp-json\/wp\/v2\/users\/1"}],"replies":[{"embeddable":true,"href":"https:\/\/magenarquitectos.com\/en\/wp-json\/wp\/v2\/comments?post=11888"}],"version-history":[{"count":1,"href":"https:\/\/magenarquitectos.com\/en\/wp-json\/wp\/v2\/posts\/11888\/revisions"}],"predecessor-version":[{"id":13743,"href":"https:\/\/magenarquitectos.com\/en\/wp-json\/wp\/v2\/posts\/11888\/revisions\/13743"}],"wp:attachment":[{"href":"https:\/\/magenarquitectos.com\/en\/wp-json\/wp\/v2\/media?parent=11888"}],"wp:term":[{"taxonomy":"category","embeddable":true,"href":"https:\/\/magenarquitectos.com\/en\/wp-json\/wp\/v2\/categories?post=11888"},{"taxonomy":"post_tag","embeddable":true,"href":"https:\/\/magenarquitectos.com\/en\/wp-json\/wp\/v2\/tags?post=11888"}],"curies":[{"name":"wp","href":"https:\/\/api.w.org\/{rel}","templated":true}]}}