{"id":11889,"date":"2011-01-13T12:28:29","date_gmt":"2011-01-13T12:28:29","guid":{"rendered":"http:\/\/magenarquitectos.wordpress.com\/?p=1960"},"modified":"2021-06-17T10:17:22","modified_gmt":"2021-06-17T10:17:22","slug":"contractworld-award-2011-new-generation","status":"publish","type":"post","link":"https:\/\/magenarquitectos.com\/en\/contractworld-award-2011-new-generation\/","title":{"rendered":"Contractworld.award 2011. New Generation."},"content":{"rendered":"<p><a href=\"https:\/\/magenarquitectos.com\/wp-content\/uploads\/2021\/06\/23310_1-copia.jpg\"><img loading=\"lazy\" class=\"size-full wp-image-8528 aligncenter\" src=\"https:\/\/magenarquitectos.com\/wp-content\/uploads\/2021\/06\/23310_1-copia.jpg\" alt=\"23310_1-copia\" width=\"420\" height=\"68\" title=\"\"><\/a><\/p>\n<p>Mag\u00e9n Arquitectos participar\u00e1 en el Congreso de Arquitectura y Dise\u00f1o Interior &#8220;Contractworld&#8221; que se celebrar\u00e1 del 15 al 18 de enero en Hannover, presentando la Sede del Servicio de Medio Ambiente de Zaragoza, como finalista en la categor\u00eda &#8220;New Generation\/Offices&#8221;.<\/p>\n<p>Mag\u00e9n Arquitectos will take part in the 11th International Architecture Award for Innovative Interior Design Concepts &#8220;Contractworld. award 2011&#8243;&#8221; to be held in Hannover from 15th to 18th January. Environmental Unit Headquarters, candidate to &#8220;New Generation\/Offices&#8221; awards, will be presented.<\/p>\n","protected":false},"excerpt":{"rendered":"<p>Mag\u00e9n Arquitectos participar\u00e1 en el Congreso de Arquitectura y Dise\u00f1o Interior &#8220;Contractworld&#8221; que se celebrar\u00e1 del 15 al 18 de enero en Hannover, presentando la Sede del Servicio de Medio Ambiente de Zaragoza, como finalista en la categor\u00eda &#8220;New Generation\/Offices&#8221;. Mag\u00e9n Arquitectos will take part in the 11th International Architecture Award for Innovative Interior Design [&hellip;]<\/p>\n","protected":false},"author":1,"featured_media":0,"comment_status":"open","ping_status":"open","sticky":false,"template":"","format":"standard","meta":{"_monsterinsights_skip_tracking":false,"_monsterinsights_sitenote_active":false,"_monsterinsights_sitenote_note":"","_monsterinsights_sitenote_category":0},"categories":[76,77,78,65,113],"tags":[114,62,79,80,81,70,82,83],"_links":{"self":[{"href":"https:\/\/magenarquitectos.com\/en\/wp-json\/wp\/v2\/posts\/11889"}],"collection":[{"href":"https:\/\/magenarquitectos.com\/en\/wp-json\/wp\/v2\/posts"}],"about":[{"href":"https:\/\/magenarquitectos.com\/en\/wp-json\/wp\/v2\/types\/post"}],"author":[{"embeddable":true,"href":"https:\/\/magenarquitectos.com\/en\/wp-json\/wp\/v2\/users\/1"}],"replies":[{"embeddable":true,"href":"https:\/\/magenarquitectos.com\/en\/wp-json\/wp\/v2\/comments?post=11889"}],"version-history":[{"count":1,"href":"https:\/\/magenarquitectos.com\/en\/wp-json\/wp\/v2\/posts\/11889\/revisions"}],"predecessor-version":[{"id":13742,"href":"https:\/\/magenarquitectos.com\/en\/wp-json\/wp\/v2\/posts\/11889\/revisions\/13742"}],"wp:attachment":[{"href":"https:\/\/magenarquitectos.com\/en\/wp-json\/wp\/v2\/media?parent=11889"}],"wp:term":[{"taxonomy":"category","embeddable":true,"href":"https:\/\/magenarquitectos.com\/en\/wp-json\/wp\/v2\/categories?post=11889"},{"taxonomy":"post_tag","embeddable":true,"href":"https:\/\/magenarquitectos.com\/en\/wp-json\/wp\/v2\/tags?post=11889"}],"curies":[{"name":"wp","href":"https:\/\/api.w.org\/{rel}","templated":true}]}}