{"id":11894,"date":"2011-01-21T13:58:04","date_gmt":"2011-01-21T13:58:04","guid":{"rendered":"http:\/\/magenarquitectos.wordpress.com\/?p=1987"},"modified":"2021-06-17T10:17:21","modified_gmt":"2021-06-17T10:17:21","slug":"inauguracion-del-centro-de-educacion-infantil-ronda-norte-en-el-barrio-parque-goya-de-zaragoza","status":"publish","type":"post","link":"https:\/\/magenarquitectos.com\/en\/inauguracion-del-centro-de-educacion-infantil-ronda-norte-en-el-barrio-parque-goya-de-zaragoza\/","title":{"rendered":"Inauguraci\u00f3n del Centro de Educaci\u00f3n Infantil en el Barrio Parque Goya de Zaragoza."},"content":{"rendered":"<p>Las consejeras de Presidencia, Eva Almunia, y de Educaci\u00f3n, Cultura y Deporte, Mar\u00eda Victoria Broto, inauguraron el viernes la primera fase del que se ha convertido en el tercer colegio p\u00fablico de Infantil y Primaria de Parque Goya, en Zaragoza. El centro abri\u00f3 sus puertas tras las vacaciones navide\u00f1as y ha supuesto una inversi\u00f3n de 2,5 millones de euros<\/p>\n<p>Secretary of Presidence, Eva Almunia,\u00a0and the Secretary of Education, Culture and Sport, M\u00aa Victoria Broto, inaugurated the Kindergarten\u00a0Parque Goya III\u00a0 in Zaragoza.<\/p>\n<p><a href=\"https:\/\/magenarquitectos.com\/wp-content\/uploads\/2021\/06\/dsc015121.jpg\"><img loading=\"lazy\" class=\"size-full wp-image-8518 aligncenter\" src=\"https:\/\/magenarquitectos.com\/wp-content\/uploads\/2021\/06\/dsc015121.jpg\" alt=\"dsc01512\" width=\"660\" height=\"468\" title=\"\"><\/a><\/p>\n","protected":false},"excerpt":{"rendered":"<p>Las consejeras de Presidencia, Eva Almunia, y de Educaci\u00f3n, Cultura y Deporte, Mar\u00eda Victoria Broto, inauguraron el viernes la primera fase del que se ha convertido en el tercer colegio p\u00fablico de Infantil y Primaria de Parque Goya, en Zaragoza. El centro abri\u00f3 sus puertas tras las vacaciones navide\u00f1as y ha supuesto una inversi\u00f3n de [&hellip;]<\/p>\n","protected":false},"author":1,"featured_media":0,"comment_status":"open","ping_status":"open","sticky":false,"template":"","format":"standard","meta":{"_monsterinsights_skip_tracking":false,"_monsterinsights_sitenote_active":false,"_monsterinsights_sitenote_note":"","_monsterinsights_sitenote_category":0},"categories":[65,139],"tags":[134,80,140,141,142,162,74],"_links":{"self":[{"href":"https:\/\/magenarquitectos.com\/en\/wp-json\/wp\/v2\/posts\/11894"}],"collection":[{"href":"https:\/\/magenarquitectos.com\/en\/wp-json\/wp\/v2\/posts"}],"about":[{"href":"https:\/\/magenarquitectos.com\/en\/wp-json\/wp\/v2\/types\/post"}],"author":[{"embeddable":true,"href":"https:\/\/magenarquitectos.com\/en\/wp-json\/wp\/v2\/users\/1"}],"replies":[{"embeddable":true,"href":"https:\/\/magenarquitectos.com\/en\/wp-json\/wp\/v2\/comments?post=11894"}],"version-history":[{"count":1,"href":"https:\/\/magenarquitectos.com\/en\/wp-json\/wp\/v2\/posts\/11894\/revisions"}],"predecessor-version":[{"id":13729,"href":"https:\/\/magenarquitectos.com\/en\/wp-json\/wp\/v2\/posts\/11894\/revisions\/13729"}],"wp:attachment":[{"href":"https:\/\/magenarquitectos.com\/en\/wp-json\/wp\/v2\/media?parent=11894"}],"wp:term":[{"taxonomy":"category","embeddable":true,"href":"https:\/\/magenarquitectos.com\/en\/wp-json\/wp\/v2\/categories?post=11894"},{"taxonomy":"post_tag","embeddable":true,"href":"https:\/\/magenarquitectos.com\/en\/wp-json\/wp\/v2\/tags?post=11894"}],"curies":[{"name":"wp","href":"https:\/\/api.w.org\/{rel}","templated":true}]}}