{"id":11896,"date":"2011-02-05T18:11:26","date_gmt":"2011-02-05T18:11:26","guid":{"rendered":"http:\/\/magenarquitectos.wordpress.com\/?p=2001"},"modified":"2021-06-17T10:17:21","modified_gmt":"2021-06-17T10:17:21","slug":"la-consejera-de-presidencia-eva-almunia-visita-el-ayuntamiento-de-escatron","status":"publish","type":"post","link":"https:\/\/magenarquitectos.com\/en\/la-consejera-de-presidencia-eva-almunia-visita-el-ayuntamiento-de-escatron\/","title":{"rendered":"La Consejera de Presidencia del Gobierno de Arag\u00f3n visita las obras del Nuevo Ayuntamiento de Escatr\u00f3n"},"content":{"rendered":"<p>La Consejera de Presidencia del Gobierno de Arag\u00f3n, Eva Almunia, ha visitado las obras de construcci\u00f3n del Nuevo Ayuntamiento de Escatr\u00f3n.<\/p>\n<p>Secretary of Presidence, Eva Almunia, visited the works of the New Town Hall of Escatron.<\/p>\n<p><a href=\"https:\/\/magenarquitectos.com\/wp-content\/uploads\/2021\/06\/dsc018371.jpg\"><img loading=\"lazy\" class=\"size-full wp-image-8516 aligncenter\" src=\"https:\/\/magenarquitectos.com\/wp-content\/uploads\/2021\/06\/dsc018371.jpg\" alt=\"dsc01837\" width=\"409\" height=\"307\" title=\"\"><\/a><\/p>\n","protected":false},"excerpt":{"rendered":"<p>La Consejera de Presidencia del Gobierno de Arag\u00f3n, Eva Almunia, ha visitado las obras de construcci\u00f3n del Nuevo Ayuntamiento de Escatr\u00f3n. Secretary of Presidence, Eva Almunia, visited the works of the New Town Hall of Escatron.<\/p>\n","protected":false},"author":1,"featured_media":0,"comment_status":"open","ping_status":"open","sticky":false,"template":"","format":"standard","meta":{"_monsterinsights_skip_tracking":false,"_monsterinsights_sitenote_active":false,"_monsterinsights_sitenote_note":"","_monsterinsights_sitenote_category":0},"categories":[77,97,65],"tags":[100,127,128],"_links":{"self":[{"href":"https:\/\/magenarquitectos.com\/en\/wp-json\/wp\/v2\/posts\/11896"}],"collection":[{"href":"https:\/\/magenarquitectos.com\/en\/wp-json\/wp\/v2\/posts"}],"about":[{"href":"https:\/\/magenarquitectos.com\/en\/wp-json\/wp\/v2\/types\/post"}],"author":[{"embeddable":true,"href":"https:\/\/magenarquitectos.com\/en\/wp-json\/wp\/v2\/users\/1"}],"replies":[{"embeddable":true,"href":"https:\/\/magenarquitectos.com\/en\/wp-json\/wp\/v2\/comments?post=11896"}],"version-history":[{"count":1,"href":"https:\/\/magenarquitectos.com\/en\/wp-json\/wp\/v2\/posts\/11896\/revisions"}],"predecessor-version":[{"id":13725,"href":"https:\/\/magenarquitectos.com\/en\/wp-json\/wp\/v2\/posts\/11896\/revisions\/13725"}],"wp:attachment":[{"href":"https:\/\/magenarquitectos.com\/en\/wp-json\/wp\/v2\/media?parent=11896"}],"wp:term":[{"taxonomy":"category","embeddable":true,"href":"https:\/\/magenarquitectos.com\/en\/wp-json\/wp\/v2\/categories?post=11896"},{"taxonomy":"post_tag","embeddable":true,"href":"https:\/\/magenarquitectos.com\/en\/wp-json\/wp\/v2\/tags?post=11896"}],"curies":[{"name":"wp","href":"https:\/\/api.w.org\/{rel}","templated":true}]}}