{"id":11909,"date":"2011-04-01T08:47:25","date_gmt":"2011-04-01T08:47:25","guid":{"rendered":"http:\/\/magenarquitectos.wordpress.com\/?p=2085"},"modified":"2021-06-17T10:17:18","modified_gmt":"2021-06-17T10:17:18","slug":"premios-3-de-abril-de-arquitectura-y-urbanismo-2","status":"publish","type":"post","link":"https:\/\/magenarquitectos.com\/en\/premios-3-de-abril-de-arquitectura-y-urbanismo-2\/","title":{"rendered":"Premios 3 de Abril de Arquitectura y Urbanismo"},"content":{"rendered":"<p>El Centro de Educaci\u00f3n Infantil Ronda Norte, en el Barrio Paque Goya de Zaragoza,\u00a0 ha sido seleccionada como finalista de los premios 3 de Abril en la categor\u00eda de Urbanismo y Arquitectura. Los ganadores se conocer\u00e1n el 6 de Abril.<\/p>\n<p>Kindergarten Ronda Norte, in Parque Goya neighbourhood in Zaragoza, by Mag\u00e9n Arquitectos,\u00a0 Finalist in &#8220;3 de Abril&#8221; Awards in Category Urbanism and Architecture. Winners to be announced at 6th April.<\/p>\n<p><a href=\"https:\/\/magenarquitectos.com\/wp-content\/uploads\/2021\/06\/353221.jpg\"><img loading=\"lazy\" class=\"size-full wp-image-8481 aligncenter\" src=\"https:\/\/magenarquitectos.com\/wp-content\/uploads\/2021\/06\/353221.jpg\" alt=\"\" width=\"660\" height=\"368\" title=\"\"><\/a><\/p>\n","protected":false},"excerpt":{"rendered":"<p>El Centro de Educaci\u00f3n Infantil Ronda Norte, en el Barrio Paque Goya de Zaragoza,\u00a0 ha sido seleccionada como finalista de los premios 3 de Abril en la categor\u00eda de Urbanismo y Arquitectura. Los ganadores se conocer\u00e1n el 6 de Abril. Kindergarten Ronda Norte, in Parque Goya neighbourhood in Zaragoza, by Mag\u00e9n Arquitectos,\u00a0 Finalist in &#8220;3 [&hellip;]<\/p>\n","protected":false},"author":1,"featured_media":0,"comment_status":"open","ping_status":"open","sticky":false,"template":"","format":"standard","meta":{"_monsterinsights_skip_tracking":false,"_monsterinsights_sitenote_active":false,"_monsterinsights_sitenote_note":"","_monsterinsights_sitenote_category":0},"categories":[65,139,113],"tags":[62,134,80,140,141,162,70,74],"_links":{"self":[{"href":"https:\/\/magenarquitectos.com\/en\/wp-json\/wp\/v2\/posts\/11909"}],"collection":[{"href":"https:\/\/magenarquitectos.com\/en\/wp-json\/wp\/v2\/posts"}],"about":[{"href":"https:\/\/magenarquitectos.com\/en\/wp-json\/wp\/v2\/types\/post"}],"author":[{"embeddable":true,"href":"https:\/\/magenarquitectos.com\/en\/wp-json\/wp\/v2\/users\/1"}],"replies":[{"embeddable":true,"href":"https:\/\/magenarquitectos.com\/en\/wp-json\/wp\/v2\/comments?post=11909"}],"version-history":[{"count":1,"href":"https:\/\/magenarquitectos.com\/en\/wp-json\/wp\/v2\/posts\/11909\/revisions"}],"predecessor-version":[{"id":13690,"href":"https:\/\/magenarquitectos.com\/en\/wp-json\/wp\/v2\/posts\/11909\/revisions\/13690"}],"wp:attachment":[{"href":"https:\/\/magenarquitectos.com\/en\/wp-json\/wp\/v2\/media?parent=11909"}],"wp:term":[{"taxonomy":"category","embeddable":true,"href":"https:\/\/magenarquitectos.com\/en\/wp-json\/wp\/v2\/categories?post=11909"},{"taxonomy":"post_tag","embeddable":true,"href":"https:\/\/magenarquitectos.com\/en\/wp-json\/wp\/v2\/tags?post=11909"}],"curies":[{"name":"wp","href":"https:\/\/api.w.org\/{rel}","templated":true}]}}