{"id":11910,"date":"2011-04-07T12:07:35","date_gmt":"2011-04-07T12:07:35","guid":{"rendered":"http:\/\/magenarquitectos.wordpress.com\/?p=2090"},"modified":"2021-06-17T10:17:18","modified_gmt":"2021-06-17T10:17:18","slug":"el-servicio-de-medio-ambiente-de-zaragoza-finalista-y-mencion-premio-joven-de-la-xi-bienal-espanola-de-arquitectura-y-urbanismo-beau","status":"publish","type":"post","link":"https:\/\/magenarquitectos.com\/en\/el-servicio-de-medio-ambiente-de-zaragoza-finalista-y-mencion-premio-joven-de-la-xi-bienal-espanola-de-arquitectura-y-urbanismo-beau\/","title":{"rendered":"El Servicio de Medio Ambiente de Zaragoza, Finalista y Menci\u00f3n Premio Joven de la XI Bienal Espa\u00f1ola de Arquitectura y Urbanismo (BEAU)"},"content":{"rendered":"<p><a href=\"https:\/\/magenarquitectos.com\/wp-content\/uploads\/2021\/06\/beau_xi.jpg\"><img loading=\"lazy\" class=\"alignnone size-full wp-image-8485\" src=\"https:\/\/magenarquitectos.com\/wp-content\/uploads\/2021\/06\/beau_xi.jpg\" alt=\"beau_xi\" width=\"660\" height=\"129\" title=\"\"><\/a><\/p>\n<p>El Edificio para el Servicio de Medio Ambiente de Zaragoza ha sido una de las 40 obras finalistas de la XI Bienal Espa\u00f1ola de Arquitectura y Urbanismo (BEAU), previa selecci\u00f3n\u00a0 entre 734 trabajos presentados. Asimismo, tambi\u00e9n ha recibido una Menci\u00f3n al Premio Joven.<\/p>\n<p>El Jurado\u00a0 &#8220;apreci\u00f3 su idoneidad y maestr\u00eda en la respuesta a las cuestiones que se plantean para con el proyecto: recuperaci\u00f3n del paisaje e integraci\u00f3n en el medio; construcci\u00f3n como compromiso social, urbano y medioambiental; potencial del edificio y su cubierta como espacio p\u00fablico y captador energ\u00e9tico; percepci\u00f3n del lugar como experiencia de la arquitectura y, finalmente, expresi\u00f3n pl\u00e1stica de la materia.&#8221;<\/p>\n<p>Environmental Department of Zaragoza City Council\u00a0 in Zaragoza, by Mag\u00e9n Arquitectos, has been awarded in the XI Spanish Biennal of Architecture and Urbanism (BEAU). The work is one of the fourty Finalists, selected among 734 participants, and Mention in Young Prize.<\/p>\n<p>M\u00e1s informaci\u00f3n:\u00a0 <a href=\"http:\/\/xi.bienalarquitectura.es\/\" rel=\"nofollow noopener\" target=\"_blank\">http:\/\/xi.bienalarquitectura.es\/<\/a><\/p>\n","protected":false},"excerpt":{"rendered":"<p>El Edificio para el Servicio de Medio Ambiente de Zaragoza ha sido una de las 40 obras finalistas de la XI Bienal Espa\u00f1ola de Arquitectura y Urbanismo (BEAU), previa selecci\u00f3n\u00a0 entre 734 trabajos presentados. Asimismo, tambi\u00e9n ha recibido una Menci\u00f3n al Premio Joven. El Jurado\u00a0 &#8220;apreci\u00f3 su idoneidad y maestr\u00eda en la respuesta a las [&hellip;]<\/p>\n","protected":false},"author":1,"featured_media":0,"comment_status":"open","ping_status":"open","sticky":false,"template":"","format":"standard","meta":{"_monsterinsights_skip_tracking":false,"_monsterinsights_sitenote_active":false,"_monsterinsights_sitenote_note":"","_monsterinsights_sitenote_category":0},"categories":[175,76,77,78,65,113],"tags":[62,126,79,80,87,81,70,82,83,74],"_links":{"self":[{"href":"https:\/\/magenarquitectos.com\/en\/wp-json\/wp\/v2\/posts\/11910"}],"collection":[{"href":"https:\/\/magenarquitectos.com\/en\/wp-json\/wp\/v2\/posts"}],"about":[{"href":"https:\/\/magenarquitectos.com\/en\/wp-json\/wp\/v2\/types\/post"}],"author":[{"embeddable":true,"href":"https:\/\/magenarquitectos.com\/en\/wp-json\/wp\/v2\/users\/1"}],"replies":[{"embeddable":true,"href":"https:\/\/magenarquitectos.com\/en\/wp-json\/wp\/v2\/comments?post=11910"}],"version-history":[{"count":1,"href":"https:\/\/magenarquitectos.com\/en\/wp-json\/wp\/v2\/posts\/11910\/revisions"}],"predecessor-version":[{"id":13684,"href":"https:\/\/magenarquitectos.com\/en\/wp-json\/wp\/v2\/posts\/11910\/revisions\/13684"}],"wp:attachment":[{"href":"https:\/\/magenarquitectos.com\/en\/wp-json\/wp\/v2\/media?parent=11910"}],"wp:term":[{"taxonomy":"category","embeddable":true,"href":"https:\/\/magenarquitectos.com\/en\/wp-json\/wp\/v2\/categories?post=11910"},{"taxonomy":"post_tag","embeddable":true,"href":"https:\/\/magenarquitectos.com\/en\/wp-json\/wp\/v2\/tags?post=11910"}],"curies":[{"name":"wp","href":"https:\/\/api.w.org\/{rel}","templated":true}]}}