{"id":11917,"date":"2011-05-05T15:21:58","date_gmt":"2011-05-05T15:21:58","guid":{"rendered":"http:\/\/magenarquitectos.wordpress.com\/?p=2144"},"modified":"2021-06-17T10:08:19","modified_gmt":"2021-06-17T10:08:19","slug":"la-sede-del-servicio-de-medio-ambiente-inaugura-sus-espacios-publicos-como-centro-ambiental-del-ebro","status":"publish","type":"post","link":"https:\/\/magenarquitectos.com\/en\/la-sede-del-servicio-de-medio-ambiente-inaugura-sus-espacios-publicos-como-centro-ambiental-del-ebro\/","title":{"rendered":"La Sede del Servicio de Medio Ambiente inaugura sus espacios p\u00fablicos como Centro Ambiental del Ebro."},"content":{"rendered":"<p><a href=\"https:\/\/magenarquitectos.com\/wp-content\/uploads\/2021\/06\/12br1.jpg\"><img loading=\"lazy\" class=\"size-full wp-image-8499 aligncenter\" src=\"https:\/\/magenarquitectos.com\/wp-content\/uploads\/2021\/06\/12br1.jpg\" alt=\"12br\" width=\"567\" height=\"486\" title=\"\"><\/a><\/p>\n<p>El Centro Ambiental del Ebro abre sus puertas al p\u00fablico con la exposici\u00f3n &#8216;El Ebro Desbordado&#8217;<\/p>\n<p>05\/05\/2011. Adem\u00e1s de muestras y exposiciones, estar\u00e1 dedicado a la realizaci\u00f3n de estudios y actividades divulgativas relacionadas con la sostenibilidad, la calidad ambiental y la interacci\u00f3n con la naturaleza<br \/>\nZaragoza, jueves, 5 de mayo de 2011.- Esta tarde, a las 17.00 horas, comienza sus actividades el Centro Ambiental del Ebro, con la apertura al p\u00fablico de la exposici\u00f3n &#8220;El Ebro desbordado: una historia de las crecidas del r\u00edo en Zaragoza&#8221;, que se podr\u00e1 visitar hasta el pr\u00f3ximo 5 de junio y que recopila fotograf\u00edas de la crecida m\u00e1s importante del siglo XX, la de 1961, de la que se cumple el cincuenta aniversario.<br \/>\nLa exposici\u00f3n est\u00e1 ubicada en la planta baja del Edificio Europa del Servicio de Medio Ambiente (Plaza de Europa n\u00ba 1, junto al Puente de La Almozara), recientemente galardonado como Finalista y Menci\u00f3n Proyecto Joven en la XI Bienal Espa\u00f1ola de Arquitectura y Urbanismo, y se puede visitar de martes a s\u00e1bado en horario de 11.00 a 14.00 y de 18.00 a 21.00 horas, y los domingos y festivos de 11.00 a 14.00 horas. Tambi\u00e9n est\u00e1 prevista la realizaci\u00f3n de visitas guiadas para grupos de entre 10 y 30 personas los martes y jueves de 11-00 a 13-00 horas y los mi\u00e9rcoles de 18.00 as 20.00 horas.<br \/>\nAdem\u00e1s de exposiciones como la que abre hoy sus puertas, el Centro Ambiental del Ebro albergar\u00e1 otras actividades educativas y de divulgaci\u00f3n relacionadas con la sostenibilidad, la calidad ambiental y la interacci\u00f3n de la vida del ser humano con la naturaleza y, por su proximidad con la Biblioteca del Agua y el Medio Ambiente, se va a erigir en uno de los espacios de referencia de la ciudad para todas las actividades relacionadas con la calidad ambiental, la naturaleza y muy particularmente en la relaci\u00f3n con el Ebro y los cauces fluviales de nuestra ciudad.<br \/>\nFuente: Ayuntamiento de Zaragoza<\/p>\n","protected":false},"excerpt":{"rendered":"<p>El Centro Ambiental del Ebro abre sus puertas al p\u00fablico con la exposici\u00f3n &#8216;El Ebro Desbordado&#8217; 05\/05\/2011. Adem\u00e1s de muestras y exposiciones, estar\u00e1 dedicado a la realizaci\u00f3n de estudios y actividades divulgativas relacionadas con la sostenibilidad, la calidad ambiental y la interacci\u00f3n con la naturaleza Zaragoza, jueves, 5 de mayo de 2011.- Esta tarde, a [&hellip;]<\/p>\n","protected":false},"author":1,"featured_media":0,"comment_status":"open","ping_status":"open","sticky":false,"template":"","format":"standard","meta":{"_monsterinsights_skip_tracking":false,"_monsterinsights_sitenote_active":false,"_monsterinsights_sitenote_note":"","_monsterinsights_sitenote_category":0},"categories":[175,76,77,78,65,132,69],"tags":[80,81,82,83,74],"_links":{"self":[{"href":"https:\/\/magenarquitectos.com\/en\/wp-json\/wp\/v2\/posts\/11917"}],"collection":[{"href":"https:\/\/magenarquitectos.com\/en\/wp-json\/wp\/v2\/posts"}],"about":[{"href":"https:\/\/magenarquitectos.com\/en\/wp-json\/wp\/v2\/types\/post"}],"author":[{"embeddable":true,"href":"https:\/\/magenarquitectos.com\/en\/wp-json\/wp\/v2\/users\/1"}],"replies":[{"embeddable":true,"href":"https:\/\/magenarquitectos.com\/en\/wp-json\/wp\/v2\/comments?post=11917"}],"version-history":[{"count":1,"href":"https:\/\/magenarquitectos.com\/en\/wp-json\/wp\/v2\/posts\/11917\/revisions"}],"predecessor-version":[{"id":13666,"href":"https:\/\/magenarquitectos.com\/en\/wp-json\/wp\/v2\/posts\/11917\/revisions\/13666"}],"wp:attachment":[{"href":"https:\/\/magenarquitectos.com\/en\/wp-json\/wp\/v2\/media?parent=11917"}],"wp:term":[{"taxonomy":"category","embeddable":true,"href":"https:\/\/magenarquitectos.com\/en\/wp-json\/wp\/v2\/categories?post=11917"},{"taxonomy":"post_tag","embeddable":true,"href":"https:\/\/magenarquitectos.com\/en\/wp-json\/wp\/v2\/tags?post=11917"}],"curies":[{"name":"wp","href":"https:\/\/api.w.org\/{rel}","templated":true}]}}